{"id":2516,"date":"2024-01-22T18:18:47","date_gmt":"2024-01-22T18:18:47","guid":{"rendered":"https:\/\/infogandia.es\/?p=2516"},"modified":"2024-01-22T18:18:48","modified_gmt":"2024-01-22T18:18:48","slug":"abre-el-periodo-de-inscripcion-del-curso-de-monitor-de-ocio-y-tiempo-libre-del-consell-dels-joves","status":"publish","type":"post","link":"https:\/\/infogandia.es\/index.php\/2024\/01\/22\/abre-el-periodo-de-inscripcion-del-curso-de-monitor-de-ocio-y-tiempo-libre-del-consell-dels-joves\/","title":{"rendered":"Abre el per\u00edodo de inscripci\u00f3n del curso de Monitor de Ocio y Tiempo Libre del Consell dels Joves"},"content":{"rendered":"\n<p>La concejala delegada de Juventud, Inma Rodr\u00edguez; el presidente del Consejo de los J\u00f3venes de Gandia, Adri\u00e0 Ordines, y el vocal de la asociaci\u00f3n, Cristian Trotonda, anunciaron hoy la nueva edici\u00f3n del curso de Monitor de Ocio y Tiempo Libre Educativo Infantil y Juvenil.<\/p>\n\n\n\n<p>Esta iniciativa se llevar\u00e1 a cabo todos los s\u00e1bados desde el 3 de febrero hasta el 11 de mayo y tendr\u00e1 lugar presencialmente en la Alquer\u00eda Laborde (carretera del Grao), de 9 a 14 y de 15 a 20 horas. Las personas interesadas podr\u00e1n apuntarse en la web de la Escuela de Animaci\u00f3n Ferr\u00e1n Zurriaga, que ser\u00e1 la encargada de impartir el curso, hasta el pr\u00f3ximo 31 de enero.<\/p>\n\n\n\n<p>Entre otras cosas, el contenido tratar\u00e1 temas como la prevenci\u00f3n y la resoluci\u00f3n de conflictos, la creaci\u00f3n y evaluaci\u00f3n de proyectos, la diversidad o la creatividad. Una vez terminado, los asistentes estar\u00e1n capacitados para realizar actividades educativas y de ocio con gente de un determinado rango de edad, y obtendr\u00e1n el t\u00edtulo expedido por el Instituto Valenciano de la Juventud (IVAJ-Generalitat Jove).<\/p>\n\n\n\n<p>El curso tiene un precio de 60 euros y cuenta con plazas limitadas, por lo que admitir\u00e1 a sus estudiantes seg\u00fan el orden de inscripci\u00f3n. &#8220;Consideramos que es un precio asequible para tres meses de materia y pensamos que es una gran oportunidad para quienes est\u00e1n empezando a adentrarse en el mercado laboral&#8221;, ha se\u00f1alado Ordines.<\/p>\n\n\n\n<p>El edil ha destacado esta &#8220;buena medida&#8221; y ha invitado a todos los j\u00f3venes a sumarse al proyecto. Por \u00faltimo, tanto el presidente como el vocal del Consell han agradecido la colaboraci\u00f3n y el apoyo del Ayuntamiento de Gandia.<\/p>\n","protected":false},"excerpt":{"rendered":"<p>Abre el per\u00edodo de inscripci\u00f3n del curso de Monitor de Ocio y Tiempo Libre del Consell dels Joves.<\/p>\n","protected":false},"author":1,"featured_media":2517,"comment_status":"open","ping_status":"open","sticky":false,"template":"","format":"standard","meta":{"footnotes":""},"categories":[1],"tags":[],"class_list":["post-2516","post","type-post","status-publish","format-standard","has-post-thumbnail","hentry","category-actualidad"],"_links":{"self":[{"href":"https:\/\/infogandia.es\/index.php\/wp-json\/wp\/v2\/posts\/2516","targetHints":{"allow":["GET"]}}],"collection":[{"href":"https:\/\/infogandia.es\/index.php\/wp-json\/wp\/v2\/posts"}],"about":[{"href":"https:\/\/infogandia.es\/index.php\/wp-json\/wp\/v2\/types\/post"}],"author":[{"embeddable":true,"href":"https:\/\/infogandia.es\/index.php\/wp-json\/wp\/v2\/users\/1"}],"replies":[{"embeddable":true,"href":"https:\/\/infogandia.es\/index.php\/wp-json\/wp\/v2\/comments?post=2516"}],"version-history":[{"count":1,"href":"https:\/\/infogandia.es\/index.php\/wp-json\/wp\/v2\/posts\/2516\/revisions"}],"predecessor-version":[{"id":2522,"href":"https:\/\/infogandia.es\/index.php\/wp-json\/wp\/v2\/posts\/2516\/revisions\/2522"}],"wp:featuredmedia":[{"embeddable":true,"href":"https:\/\/infogandia.es\/index.php\/wp-json\/wp\/v2\/media\/2517"}],"wp:attachment":[{"href":"https:\/\/infogandia.es\/index.php\/wp-json\/wp\/v2\/media?parent=2516"}],"wp:term":[{"taxonomy":"category","embeddable":true,"href":"https:\/\/infogandia.es\/index.php\/wp-json\/wp\/v2\/categories?post=2516"},{"taxonomy":"post_tag","embeddable":true,"href":"https:\/\/infogandia.es\/index.php\/wp-json\/wp\/v2\/tags?post=2516"}],"curies":[{"name":"wp","href":"https:\/\/api.w.org\/{rel}","templated":true}]}}