{"id":2523,"date":"2024-01-22T18:19:33","date_gmt":"2024-01-22T18:19:33","guid":{"rendered":"https:\/\/infogandia.es\/?p=2523"},"modified":"2024-01-22T18:19:33","modified_gmt":"2024-01-22T18:19:33","slug":"tavernes-ya-forma-parte-de-la-red-de-destinos-turisticos-inteligentes-de-la-comunitat-valenciana","status":"publish","type":"post","link":"https:\/\/infogandia.es\/index.php\/2024\/01\/22\/tavernes-ya-forma-parte-de-la-red-de-destinos-turisticos-inteligentes-de-la-comunitat-valenciana\/","title":{"rendered":"Tavernes ya forma parte de la Red de Destinos Tur\u00edsticos Inteligentes de la Comunitat Valenciana"},"content":{"rendered":"\n<p>Tavernes de la Valldigna se ha incorporado a la Red de Destinos Tur\u00edsticos Inteligentes\u2019 de la Comunitat Valenciana (DTI-CV) que promueve la Generalitat Valenciana. Una adhesi\u00f3n que ha sido aprobada por Invat\u00b7Tur una vez analizada la documentaci\u00f3n remitida por el consistorio vallero y superadas las diferentes fases del proceso y que ha hecho que Tavernes de la Valldigna entre ya a formar parte de esta red como ya consta en la p\u00e1gina web oficial de la Red DTI-CV.<\/p>\n\n\n\n<p>A partir de ahora se inicia un camino que abre la puerta a que Tavernes de la Valldigna pueda compartir experiencias en otros municipios de la Comunitat Valenciana integrados en esta red para unir sinergias e ir de la mano en los diferentes proyectos que se quieran impulsar. Una cogovernanza tur\u00edstica municipal con otros destinos y oser\u00e1 fundamental tambi\u00e9n poder trazar el trabajo que se desarrollar\u00e1 en el futuro. Adem\u00e1s, ser\u00e1 importante y se valorar\u00e1 la coordinaci\u00f3n t\u00e9cnica entre los diferentes departamentos municipales para hacer una autodiagnosis tur\u00edstica del municipio adaptado a la realidad y a la situaci\u00f3n actual con garant\u00edas de sostenibilidad medioambiental, social y econ\u00f3micas.<\/p>\n\n\n\n<p>El edil de Turismo, Emilio Fonseca, y dos t\u00e9cnicas municipales se han reunido con t\u00e9cnicos de la Red de Destinos Tur\u00edsticos Inteligentes para organizar el trabajo y continuar avanzando en los pr\u00f3ximos meses en que adem\u00e1s, Tavernes de la Valldigna podr\u00e1 participar en el futuro en la nueva asamblea de esta red.<\/p>\n\n\n\n<p>Fonseca se ha mostrado muy satisfecho que Tavernes de la Valldigna ya forme parte de esta red dado que es \u201cun paso importante en el esfuerzo de impulsar el desarrollo tecnol\u00f3gico y la innovaci\u00f3n para seguir situando a nuestra ciudad en el mapa tur\u00edstico de la Comunitat Valenciana y de Espa\u00f1a. Esta adhesi\u00f3n a la Red DTI-CV nos ofrece una plataforma valiosa para colaborar en otros destinos, adem\u00e1s de compartir y acceder a recursos que refuerzan nuestra oportunidad de crecer econ\u00f3micamente y promover la sostenibilidad\u201d, ha a\u00f1adido el edil&nbsp;de&nbsp;Turismo.<\/p>\n","protected":false},"excerpt":{"rendered":"<p>Tavernes ya forma parte de la Red de Destinos Tur\u00edsticos Inteligentes de la Comunitat Valenciana.<\/p>\n","protected":false},"author":1,"featured_media":2518,"comment_status":"open","ping_status":"open","sticky":false,"template":"","format":"standard","meta":{"footnotes":""},"categories":[1],"tags":[68,30],"class_list":["post-2523","post","type-post","status-publish","format-standard","has-post-thumbnail","hentry","category-actualidad","tag-68","tag-gandia"],"_links":{"self":[{"href":"https:\/\/infogandia.es\/index.php\/wp-json\/wp\/v2\/posts\/2523","targetHints":{"allow":["GET"]}}],"collection":[{"href":"https:\/\/infogandia.es\/index.php\/wp-json\/wp\/v2\/posts"}],"about":[{"href":"https:\/\/infogandia.es\/index.php\/wp-json\/wp\/v2\/types\/post"}],"author":[{"embeddable":true,"href":"https:\/\/infogandia.es\/index.php\/wp-json\/wp\/v2\/users\/1"}],"replies":[{"embeddable":true,"href":"https:\/\/infogandia.es\/index.php\/wp-json\/wp\/v2\/comments?post=2523"}],"version-history":[{"count":1,"href":"https:\/\/infogandia.es\/index.php\/wp-json\/wp\/v2\/posts\/2523\/revisions"}],"predecessor-version":[{"id":2524,"href":"https:\/\/infogandia.es\/index.php\/wp-json\/wp\/v2\/posts\/2523\/revisions\/2524"}],"wp:featuredmedia":[{"embeddable":true,"href":"https:\/\/infogandia.es\/index.php\/wp-json\/wp\/v2\/media\/2518"}],"wp:attachment":[{"href":"https:\/\/infogandia.es\/index.php\/wp-json\/wp\/v2\/media?parent=2523"}],"wp:term":[{"taxonomy":"category","embeddable":true,"href":"https:\/\/infogandia.es\/index.php\/wp-json\/wp\/v2\/categories?post=2523"},{"taxonomy":"post_tag","embeddable":true,"href":"https:\/\/infogandia.es\/index.php\/wp-json\/wp\/v2\/tags?post=2523"}],"curies":[{"name":"wp","href":"https:\/\/api.w.org\/{rel}","templated":true}]}}