{"id":2525,"date":"2024-01-22T18:20:24","date_gmt":"2024-01-22T18:20:24","guid":{"rendered":"https:\/\/infogandia.es\/?p=2525"},"modified":"2024-01-22T18:20:25","modified_gmt":"2024-01-22T18:20:25","slug":"muere-una-nina-en-gandia-tras-un-incendio-originado-en-su-dormitorio","status":"publish","type":"post","link":"https:\/\/infogandia.es\/index.php\/2024\/01\/22\/muere-una-nina-en-gandia-tras-un-incendio-originado-en-su-dormitorio\/","title":{"rendered":"Muere una ni\u00f1a en Gandia tras un incendio originado en su dormitorio"},"content":{"rendered":"\n<p>Los primeros an\u00e1lisis de la Polic\u00eda Cient\u00edfica de la Polic\u00eda Nacional han localizado en punto exacto de ignici\u00f3n siendo \u00e9ste un aparato el\u00e9ctrico y la causa fortuita. Esas plantas bajas son fr\u00edas y h\u00famedas por los a\u00f1os que llevan construidas y por la ausencia de sol pr\u00e1cticamente durante el d\u00eda. No es descartable que estuviera en marcha un calefactor o una estufa el\u00e9ctrica que causara las llamas mientras la ni\u00f1a dorm\u00eda.<\/p>\n\n\n\n<p>Cuando se dieron cuenta los familiares, pasadas las doce y media de la noche, las llamas ya ven\u00edan desde la habitaci\u00f3n de la ni\u00f1a hacia el centro de la casa y con una \u00fanica salida hacia la calle Pintor Joan de Joanes. La madre no pudiendo hacer nada corri\u00f3 por la parte de detr\u00e1s para ver de qu\u00e9 forma pod\u00eda salvar a su hija pero fue imposible, de hecho estaba en shock a la llegada de los Bomberos a los que indic\u00f3 d\u00f3nde estaba la menor.<\/p>\n\n\n\n<p>El reportaje fotogr\u00e1fico de los expertos en incendios de la Polic\u00eda Cient\u00edfica de la Polic\u00eda Nacional confirma la tesis del incendio fortuito a consecuencia de un aparato el\u00e9ctrico con el resultado del fallecimiento de una menor de cinco a\u00f1os.<\/p>\n\n\n\n<p>La autopsia a la ni\u00f1a en el Instituto de Medicina Legal de Val\u00e8ncia (IML) revelar\u00e1 las causas del fallecimiento y junto con el informe final tanto de la Polic\u00eda Cient\u00edfica como de la Judicial ser\u00e1 remitido al Juzgado en los&nbsp;pr\u00f3ximos&nbsp;d\u00edas.<\/p>\n","protected":false},"excerpt":{"rendered":"<p>Muere una ni\u00f1a en Gandia tras un incendio originado en su dormitorio.<\/p>\n","protected":false},"author":1,"featured_media":2519,"comment_status":"open","ping_status":"open","sticky":false,"template":"","format":"standard","meta":{"footnotes":""},"categories":[1,27],"tags":[],"class_list":["post-2525","post","type-post","status-publish","format-standard","has-post-thumbnail","hentry","category-actualidad","category-sociedad"],"_links":{"self":[{"href":"https:\/\/infogandia.es\/index.php\/wp-json\/wp\/v2\/posts\/2525","targetHints":{"allow":["GET"]}}],"collection":[{"href":"https:\/\/infogandia.es\/index.php\/wp-json\/wp\/v2\/posts"}],"about":[{"href":"https:\/\/infogandia.es\/index.php\/wp-json\/wp\/v2\/types\/post"}],"author":[{"embeddable":true,"href":"https:\/\/infogandia.es\/index.php\/wp-json\/wp\/v2\/users\/1"}],"replies":[{"embeddable":true,"href":"https:\/\/infogandia.es\/index.php\/wp-json\/wp\/v2\/comments?post=2525"}],"version-history":[{"count":1,"href":"https:\/\/infogandia.es\/index.php\/wp-json\/wp\/v2\/posts\/2525\/revisions"}],"predecessor-version":[{"id":2526,"href":"https:\/\/infogandia.es\/index.php\/wp-json\/wp\/v2\/posts\/2525\/revisions\/2526"}],"wp:featuredmedia":[{"embeddable":true,"href":"https:\/\/infogandia.es\/index.php\/wp-json\/wp\/v2\/media\/2519"}],"wp:attachment":[{"href":"https:\/\/infogandia.es\/index.php\/wp-json\/wp\/v2\/media?parent=2525"}],"wp:term":[{"taxonomy":"category","embeddable":true,"href":"https:\/\/infogandia.es\/index.php\/wp-json\/wp\/v2\/categories?post=2525"},{"taxonomy":"post_tag","embeddable":true,"href":"https:\/\/infogandia.es\/index.php\/wp-json\/wp\/v2\/tags?post=2525"}],"curies":[{"name":"wp","href":"https:\/\/api.w.org\/{rel}","templated":true}]}}