{"id":2547,"date":"2024-01-23T18:37:18","date_gmt":"2024-01-23T18:37:18","guid":{"rendered":"https:\/\/infogandia.es\/?p=2547"},"modified":"2024-01-23T18:37:18","modified_gmt":"2024-01-23T18:37:18","slug":"expulsado-un-alumno-del-ies-de-villalonga-tras-agredir-y-herir-gravemente-a-un-profesor","status":"publish","type":"post","link":"https:\/\/infogandia.es\/index.php\/2024\/01\/23\/expulsado-un-alumno-del-ies-de-villalonga-tras-agredir-y-herir-gravemente-a-un-profesor\/","title":{"rendered":"Expulsado un alumno del IES de Villalonga tras agredir y herir gravemente a un profesor"},"content":{"rendered":"\n<p> Un profesor del instituto de educaci\u00f3n secundaria Vall de la Safor, en Villalonga, ha sufrido lesiones de consideraci\u00f3n en el ojo derecho a consecuencia del pu\u00f1etazo que le propin\u00f3 un alumno durante el transcurso de una clase de segundo de ESO, con alumnos de entre 14 y 15 a\u00f1os.Los hechos ocurrieron en la ma\u00f1ana de ayer, lunes, cuando el docente, que impart\u00eda una clase de lengua castellana, le pidi\u00f3 al alumno, que deambulaba por el aula, que se sentara y se comportara debidamente. En ese momento el alumno se dirigi\u00f3 violentamente al profesor, escupi\u00e9ndole en la cara y, despu\u00e9s, descarg\u00e1ndole un pu\u00f1etazo, tambi\u00e9n en la cara. El golpe afect\u00f3 a las gafas que llevaba el profesor, incrust\u00e1ndose en la zona del ojo derecho, en donde sufri\u00f3 la herida.El alumno agresor, que est\u00e1 internado en un centro de menores de la comarca de la Safor, sali\u00f3 inmediatamente de la clase y se dio a la fuga, seg\u00fan han se\u00f1alado a este peri\u00f3dico fuentes de la Asociaci\u00f3n de Madres y Padres de Alumnos (AMPA), de dicho centro. Su conducta ha sido motivo de expulsi\u00f3n.<\/p>\n","protected":false},"excerpt":{"rendered":"<p>Un profesor del instituto de educaci\u00f3n secundaria Vall de la Safor, en Villalonga, ha sufrido lesiones de consideraci\u00f3n en el ojo derecho a consecuencia del pu\u00f1etazo que le propin\u00f3 un alumno durante el transcurso de una clase de segundo de ESO, con alumnos de entre 14 y 15 a\u00f1os.Los hechos ocurrieron en la ma\u00f1ana de&#8230;<\/p>\n","protected":false},"author":1,"featured_media":2541,"comment_status":"open","ping_status":"open","sticky":false,"template":"","format":"standard","meta":{"footnotes":""},"categories":[1,5,27],"tags":[],"class_list":["post-2547","post","type-post","status-publish","format-standard","has-post-thumbnail","hentry","category-actualidad","category-educacion","category-sociedad"],"_links":{"self":[{"href":"https:\/\/infogandia.es\/index.php\/wp-json\/wp\/v2\/posts\/2547","targetHints":{"allow":["GET"]}}],"collection":[{"href":"https:\/\/infogandia.es\/index.php\/wp-json\/wp\/v2\/posts"}],"about":[{"href":"https:\/\/infogandia.es\/index.php\/wp-json\/wp\/v2\/types\/post"}],"author":[{"embeddable":true,"href":"https:\/\/infogandia.es\/index.php\/wp-json\/wp\/v2\/users\/1"}],"replies":[{"embeddable":true,"href":"https:\/\/infogandia.es\/index.php\/wp-json\/wp\/v2\/comments?post=2547"}],"version-history":[{"count":1,"href":"https:\/\/infogandia.es\/index.php\/wp-json\/wp\/v2\/posts\/2547\/revisions"}],"predecessor-version":[{"id":2548,"href":"https:\/\/infogandia.es\/index.php\/wp-json\/wp\/v2\/posts\/2547\/revisions\/2548"}],"wp:featuredmedia":[{"embeddable":true,"href":"https:\/\/infogandia.es\/index.php\/wp-json\/wp\/v2\/media\/2541"}],"wp:attachment":[{"href":"https:\/\/infogandia.es\/index.php\/wp-json\/wp\/v2\/media?parent=2547"}],"wp:term":[{"taxonomy":"category","embeddable":true,"href":"https:\/\/infogandia.es\/index.php\/wp-json\/wp\/v2\/categories?post=2547"},{"taxonomy":"post_tag","embeddable":true,"href":"https:\/\/infogandia.es\/index.php\/wp-json\/wp\/v2\/tags?post=2547"}],"curies":[{"name":"wp","href":"https:\/\/api.w.org\/{rel}","templated":true}]}}