{"id":2573,"date":"2024-01-25T20:36:22","date_gmt":"2024-01-25T20:36:22","guid":{"rendered":"https:\/\/infogandia.es\/?p=2573"},"modified":"2024-01-25T20:36:22","modified_gmt":"2024-01-25T20:36:22","slug":"tavernes-de-la-valldigna-una-vall-de-senderisme-se-presenta-en-fitur-2024","status":"publish","type":"post","link":"https:\/\/infogandia.es\/index.php\/2024\/01\/25\/tavernes-de-la-valldigna-una-vall-de-senderisme-se-presenta-en-fitur-2024\/","title":{"rendered":"\u2018Tavernes de la Valldigna, una vall de senderisme\u2019 se presenta en Fitur 2024"},"content":{"rendered":"\n<p>Con el lema \u2018Tavernes de la Valldigna, una vall de senderisme\u2019 el Ayuntamiento de Tavernes de la Valldigna ha presentado su destino en Fitur 2024. Una propuesta que llega para dar a conocer a todas aquellas personas que quieran visitar la localidad que no es solo un lugar de sol y playa, sino que el municipio cuenta con una de los mejores valles para hacer senderismo y practicar deportes de monta\u00f1a. Una combinaci\u00f3n perfecta de playa y monta\u00f1a para p\u00fablico de todas las edades.<\/p>\n\n\n\n<p>Tavernes de la Valldigna se ubica entre las cordilleras de las Cruces y la Umbr\u00eda y es un balc\u00f3n id\u00edlico en el Mediterr\u00e1neo. Un lugar de monta\u00f1a y playas de arena fina con parajes para disfrutar de rutas senderistas y escalada rodeadas de naranjos. Una localidad donde poder hacer un recorrido por la natura y vivir de cerca muchas sensaciones al atravesar dunas, marjal, zonas agrarias y forestales.<\/p>\n\n\n\n<p>Con esos encantos ha presentado esta ma\u00f1ana la alcaldesa Lara Romero y el regidor de Turismo, Emilio Fonseca, el destino de Tavernes de la Valldigna en Fitur. Una cita donde han estado acompa\u00f1ados de la fallera mayor de la ciudad, Gemma Altur, y del presidente de la Junta Local Fallera, \u00d3scar Ciscar, quienes han estado presentes hoy en el estand de la localidad en esta feria de turismo para promocionar el municipio, la fiesta de las Fallas y nuestra cultura.<\/p>\n\n\n\n<p>En un video donde se muestra Tavernes desde el cielo con todos sus encantos naturales, la alcaldesa de la ciudad ha explicado que aquellas personas que visiten la localidad pueden disfrutar de varias propuestas senderistas donde destaca la Ruta dels Sentits, que este 2024 vuelve a estar catalogada de nuevo como senda azul por ADEAC. Un viaje de 14 kil\u00f3metros que pasa por la playa, la torre de guaita, l&#8217;ullal Gran y el Portitxol hasta llegar al Clot de la Font. Un recorrido al cual tambi\u00e9n se suman otras rutas como la de les Creus, la de la Granata, l\u2019Ombria o la del Bolomor. Tavernes de la Valldigna es natura, deporte, playa, monta\u00f1a, cultura, tradiciones y gastronom\u00eda mediterr\u00e1nea.<\/p>\n\n\n\n<p>La alcaldesa Lara Romero ha detallado durante la presentaci\u00f3n que Tavernes de la Valldigna \u201ces una ventana que se abre en el mar desde el alto de la monta\u00f1a de les Creus\u201d. \u201cApostamos por un turismo de 365 d\u00edas en el a\u00f1o porque el clima invita a vivir nuestra ciudad y ponemos en valor nuestros recursos naturales y potenciamos el deporte, en especial los de monta\u00f1a, como herramienta de la desestacionalizaci\u00f3n\u201d, ha a\u00f1adido la alcaldesa.<\/p>\n\n\n\n<p>Por su parte, el regidor de Turismo, Emilio Fonseca, ha destacado que Tavernes de la Valldigna se diferencia de otras ciudades porque \u201cpodemos presumir de tener una de las mejores vistas del Mediterr\u00e1neo\u201d. \u201cQueremos que vengan a conocer nuestra ciudad y vivan de cerca toda la oferta tur\u00edstica que tenemos, fruto de un trabajo del departamento de Turismo donde queremos seguir posicionando nuestro destino entre las mejores de la Comunidad Valenciana\u201d, ha se\u00f1alado&nbsp;el&nbsp;regidor.<\/p>\n","protected":false},"excerpt":{"rendered":"<p>\u2018Tavernes de la Valldigna, una vall de senderisme\u2019 se presenta en Fitur 2024.<\/p>\n","protected":false},"author":1,"featured_media":2565,"comment_status":"open","ping_status":"open","sticky":false,"template":"","format":"standard","meta":{"footnotes":""},"categories":[1,4],"tags":[],"class_list":["post-2573","post","type-post","status-publish","format-standard","has-post-thumbnail","hentry","category-actualidad","category-deporte"],"_links":{"self":[{"href":"https:\/\/infogandia.es\/index.php\/wp-json\/wp\/v2\/posts\/2573","targetHints":{"allow":["GET"]}}],"collection":[{"href":"https:\/\/infogandia.es\/index.php\/wp-json\/wp\/v2\/posts"}],"about":[{"href":"https:\/\/infogandia.es\/index.php\/wp-json\/wp\/v2\/types\/post"}],"author":[{"embeddable":true,"href":"https:\/\/infogandia.es\/index.php\/wp-json\/wp\/v2\/users\/1"}],"replies":[{"embeddable":true,"href":"https:\/\/infogandia.es\/index.php\/wp-json\/wp\/v2\/comments?post=2573"}],"version-history":[{"count":1,"href":"https:\/\/infogandia.es\/index.php\/wp-json\/wp\/v2\/posts\/2573\/revisions"}],"predecessor-version":[{"id":2574,"href":"https:\/\/infogandia.es\/index.php\/wp-json\/wp\/v2\/posts\/2573\/revisions\/2574"}],"wp:featuredmedia":[{"embeddable":true,"href":"https:\/\/infogandia.es\/index.php\/wp-json\/wp\/v2\/media\/2565"}],"wp:attachment":[{"href":"https:\/\/infogandia.es\/index.php\/wp-json\/wp\/v2\/media?parent=2573"}],"wp:term":[{"taxonomy":"category","embeddable":true,"href":"https:\/\/infogandia.es\/index.php\/wp-json\/wp\/v2\/categories?post=2573"},{"taxonomy":"post_tag","embeddable":true,"href":"https:\/\/infogandia.es\/index.php\/wp-json\/wp\/v2\/tags?post=2573"}],"curies":[{"name":"wp","href":"https:\/\/api.w.org\/{rel}","templated":true}]}}