{"id":2575,"date":"2024-01-25T20:37:59","date_gmt":"2024-01-25T20:37:59","guid":{"rendered":"https:\/\/infogandia.es\/?p=2575"},"modified":"2024-01-25T20:37:59","modified_gmt":"2024-01-25T20:37:59","slug":"oliva-presenta-en-fitur-2024-el-gran-fondo-alberto-contador","status":"publish","type":"post","link":"https:\/\/infogandia.es\/index.php\/2024\/01\/25\/oliva-presenta-en-fitur-2024-el-gran-fondo-alberto-contador\/","title":{"rendered":"Oliva presenta en Fitur 2024 el Gran Fondo Alberto Contador"},"content":{"rendered":"\n<p>La Feria Internacional de Turismo de Madrid ha arrancado este mi\u00e9rcoles para el sector profesional con fuerte presencia de la oferta tur\u00edstica de Oliva.<\/p>\n\n\n\n<p>La primera actividad de la delegaci\u00f3n oficial olivense ha sido la presentaci\u00f3n de la marcha cicloturista TotalEnergies Gran Fondo Alberto Contador, que celebrar\u00e1 su XIV edici\u00f3n el pr\u00f3ximo mes de septiembre con sede en Oliva Nova.<\/p>\n\n\n\n<p>En la presentaci\u00f3n han participado el mismo Alberto Contador, adem\u00e1s de otra leyenda del ciclismo profesional espa\u00f1ol, Perico Delgado, la alcaldesa de Oliva, Yolanda Pastor, el concejal de Deportes, Joan Mascarell, el director de Oliva Nova Beach &amp; Golf Resort, Luis Borho, el presidente de TotalEnergies, Javier S\u00e1enz, y el CEO y Fundador de &#8216;312 bike &amp; tours&#8217;, empresa organizadora del Gran Fondo, Xisco Lliteras.Con un recorrido de 146&#8217;43 km y 2538 m de desnivel acumulado, la marcha Alberto Contador de \u00e1mbito internacional est\u00e1 plenamente consolidada, con m\u00e1s de 2.000 participantes inscritos en la \u00faltima edici\u00f3n llegados de varios pa\u00edses de Europa y Am\u00e9rica Latina.&nbsp;<br>El recorrido cuenta con grandes atractivos, como son los altos de Coll de Rates, Sa Creueta y Vall d&#8217;Ebo, los principales puertos de la jornada.<\/p>\n\n\n\n<p>La salida y la llegada de la marcha ser\u00e1 en Oliva Nova. Los corredores tendr\u00e1n un recorrido por la Marina Alta, la Marina Baixa y el Comtat.<\/p>\n\n\n\n<p>Pero tal y como ha destacado el propio Alberto Contador, &#8220;en este caso lo que importa no es llegar el primero. Estamos en una marcha cicloturista y lo que queremos es disfrutar del trayecto, el entorno, el paisaje y los amigos en un d\u00eda excepcional y una fiesta para todos, ciclistas y visitantes\u201d.<\/p>\n\n\n\n<p>La alcaldesa de Oliva, Yolanda Pastor, explic\u00f3 que Oliva &#8220;ha sido sede del Gran Fondo Alberto Contador desde 2016 y que el Ayuntamiento continuar\u00e1 trabajando para que Oliva pueda seguir acogiendo pruebas deportivas de primer nivel que puedan atraer a turistas y visitantes a nuestra ciudad&#8221;.<\/p>\n\n\n\n<p>Joan Mascarell por su parte, destac\u00f3 el valor deportivo de la prueba, sobre todo por la presencia de Alberto Contador: &#8220;Estamos muy contentos de poder acoger esta marcha referente a nivel nacional, con grandes figuras y un entorno inmejorable, que seguro que har\u00e1n que la prueba sea todo un \u00e9xito tanto de participantes como de p\u00fablico en general\u201d.<\/p>\n\n\n\n<p>Luis Borho, director de Oliva Nova Beach &amp; Golf Resort, habl\u00f3 de la importancia de desestacionalizar el turismo y de su colaboraci\u00f3n con eventos deportivos de gran nivel para&nbsp;conseguirlo.<\/p>\n","protected":false},"excerpt":{"rendered":"<p>Oliva presenta en Fitur 2024 el Gran Fondo Alberto Contador.<\/p>\n","protected":false},"author":1,"featured_media":2566,"comment_status":"open","ping_status":"open","sticky":false,"template":"","format":"standard","meta":{"footnotes":""},"categories":[1,4],"tags":[],"class_list":["post-2575","post","type-post","status-publish","format-standard","has-post-thumbnail","hentry","category-actualidad","category-deporte"],"_links":{"self":[{"href":"https:\/\/infogandia.es\/index.php\/wp-json\/wp\/v2\/posts\/2575","targetHints":{"allow":["GET"]}}],"collection":[{"href":"https:\/\/infogandia.es\/index.php\/wp-json\/wp\/v2\/posts"}],"about":[{"href":"https:\/\/infogandia.es\/index.php\/wp-json\/wp\/v2\/types\/post"}],"author":[{"embeddable":true,"href":"https:\/\/infogandia.es\/index.php\/wp-json\/wp\/v2\/users\/1"}],"replies":[{"embeddable":true,"href":"https:\/\/infogandia.es\/index.php\/wp-json\/wp\/v2\/comments?post=2575"}],"version-history":[{"count":1,"href":"https:\/\/infogandia.es\/index.php\/wp-json\/wp\/v2\/posts\/2575\/revisions"}],"predecessor-version":[{"id":2576,"href":"https:\/\/infogandia.es\/index.php\/wp-json\/wp\/v2\/posts\/2575\/revisions\/2576"}],"wp:featuredmedia":[{"embeddable":true,"href":"https:\/\/infogandia.es\/index.php\/wp-json\/wp\/v2\/media\/2566"}],"wp:attachment":[{"href":"https:\/\/infogandia.es\/index.php\/wp-json\/wp\/v2\/media?parent=2575"}],"wp:term":[{"taxonomy":"category","embeddable":true,"href":"https:\/\/infogandia.es\/index.php\/wp-json\/wp\/v2\/categories?post=2575"},{"taxonomy":"post_tag","embeddable":true,"href":"https:\/\/infogandia.es\/index.php\/wp-json\/wp\/v2\/tags?post=2575"}],"curies":[{"name":"wp","href":"https:\/\/api.w.org\/{rel}","templated":true}]}}