{"id":2583,"date":"2024-01-25T20:40:21","date_gmt":"2024-01-25T20:40:21","guid":{"rendered":"https:\/\/infogandia.es\/?p=2583"},"modified":"2024-01-25T20:40:21","modified_gmt":"2024-01-25T20:40:21","slug":"quique-llopis-ultima-su-preparacion-a-una-semana-del-debut-en-francia","status":"publish","type":"post","link":"https:\/\/infogandia.es\/index.php\/2024\/01\/25\/quique-llopis-ultima-su-preparacion-a-una-semana-del-debut-en-francia\/","title":{"rendered":"Quique Llopis ultima su preparaci\u00f3n a una semana del debut en Francia"},"content":{"rendered":"\n<p>Quique Llopis Dom\u00e9nech ya est\u00e1 de vuelta. Ha regresado de las Islas Canarias despu\u00e9s de una concentraci\u00f3n de entrenamientos de nueve d\u00edas (del 15 al 24 de enero). Ha sido el segundo &#8220;stage&#8221; de esta temporada despu\u00e9s del realizado en Sud\u00e1frica el pasado mes de diciembre.<br>El atleta internacional de Bellreguard explica que la estancia en Canarias ha sido muy positiva: &#8220;hemos disfrutado de muy buen tiempo, templado dir\u00eda yo, sin fr\u00edo ni calor, con una buena temperatura, perfecto para entrenar&#8221;<\/p>\n\n\n\n<p>El deportista del Team Adidas ha coincidido all\u00ed con Kevin S\u00e1nchez (Playas de Castell\u00f3n y&nbsp;L\u00e9o El Achkar (CA Gandia Alpesa), tambi\u00e9n atletas a los que dirige el t\u00e9cnico gandiense, Tono Puig. &#8220;Con compa\u00f1eros se entrena mejor, m\u00e1s a gusto, es m\u00e1s din\u00e1mico todo, sobre todo a la hora de hacer series. Nos vino a todos muy bien tener compa\u00f1\u00eda&#8221;, confiesa.<\/p>\n\n\n\n<p>El doble campe\u00f3n de Espa\u00f1a de los 60 y 110 metros vallas en 2023 mantiene el viernes, 2 de febrero, como la fecha de su debut en 2024, el a\u00f1o de los grandes retos, sobre todo el de participar en los Juegos Ol\u00edmpicos de Par\u00eds. Ser\u00e1 en la ciudad francesa de Miramas en una reuni\u00f3n internacional de la categor\u00eda plata, World Athletics Indoor Tour Silver.<br>El mi\u00e9rcoles 7 de febrero, Llopis correr\u00e1 el Gran Premi Internacional Ciutat de Val\u00e8ncia en el Pabell\u00f3n Lluis Puig y el d\u00eda 10 correr\u00e1 de nuevo a Francia (Li\u00e9vin) para disputar una prueba del World Athletics Indoor Tour Gold.<\/p>\n\n\n\n<p>Esas tres primeras citas est\u00e1n confirmadas. Hasta el d\u00eda del estreno entrenar\u00e1 en la pista de atletismo de Gandia, viajar\u00e1 a Francia el jueves d\u00eda 1 y regresar\u00e1 el s\u00e1bado d\u00eda 3.<\/p>\n\n\n\n<p>Comenta Llopis que &#8220;me encuentro bien, muy bien dir\u00eda yo, de maravilla. Llego al debut m\u00e1s fuerte que la temporada pasada&#8221;, destaca. Y es que el objetivo de esta temporada invernal es conseguir la m\u00ednima para el Mundial de Glasgow.&nbsp;<\/p>\n\n\n\n<p>El atleta de Bellreguard necesita acreditar 7,62 segundos que es la m\u00ednima internacional o 7,64 que es la que exige la RFEA. El campe\u00f3n de Espa\u00f1a no cree que tenga problemas para asegurar alguno de esos registros porque es el actual plusmarquista espa\u00f1ol con 7,48 de la pasada campa\u00f1a. &#8220;Creo que puedo hacer la m\u00ednima mundialista en la primera carrera y batir el r\u00e9cord nacional ser\u00eda&nbsp;ya&nbsp;la&nbsp;guinda&#8221;.<\/p>\n","protected":false},"excerpt":{"rendered":"<p>Quique Llopis ultima su preparaci\u00f3n a una semana del debut en Francia. <\/p>\n","protected":false},"author":1,"featured_media":2570,"comment_status":"open","ping_status":"open","sticky":false,"template":"","format":"standard","meta":{"footnotes":""},"categories":[1,4],"tags":[],"class_list":["post-2583","post","type-post","status-publish","format-standard","has-post-thumbnail","hentry","category-actualidad","category-deporte"],"_links":{"self":[{"href":"https:\/\/infogandia.es\/index.php\/wp-json\/wp\/v2\/posts\/2583","targetHints":{"allow":["GET"]}}],"collection":[{"href":"https:\/\/infogandia.es\/index.php\/wp-json\/wp\/v2\/posts"}],"about":[{"href":"https:\/\/infogandia.es\/index.php\/wp-json\/wp\/v2\/types\/post"}],"author":[{"embeddable":true,"href":"https:\/\/infogandia.es\/index.php\/wp-json\/wp\/v2\/users\/1"}],"replies":[{"embeddable":true,"href":"https:\/\/infogandia.es\/index.php\/wp-json\/wp\/v2\/comments?post=2583"}],"version-history":[{"count":1,"href":"https:\/\/infogandia.es\/index.php\/wp-json\/wp\/v2\/posts\/2583\/revisions"}],"predecessor-version":[{"id":2584,"href":"https:\/\/infogandia.es\/index.php\/wp-json\/wp\/v2\/posts\/2583\/revisions\/2584"}],"wp:featuredmedia":[{"embeddable":true,"href":"https:\/\/infogandia.es\/index.php\/wp-json\/wp\/v2\/media\/2570"}],"wp:attachment":[{"href":"https:\/\/infogandia.es\/index.php\/wp-json\/wp\/v2\/media?parent=2583"}],"wp:term":[{"taxonomy":"category","embeddable":true,"href":"https:\/\/infogandia.es\/index.php\/wp-json\/wp\/v2\/categories?post=2583"},{"taxonomy":"post_tag","embeddable":true,"href":"https:\/\/infogandia.es\/index.php\/wp-json\/wp\/v2\/tags?post=2583"}],"curies":[{"name":"wp","href":"https:\/\/api.w.org\/{rel}","templated":true}]}}