{"id":2585,"date":"2024-01-25T20:40:51","date_gmt":"2024-01-25T20:40:51","guid":{"rendered":"https:\/\/infogandia.es\/?p=2585"},"modified":"2024-01-25T20:40:51","modified_gmt":"2024-01-25T20:40:51","slug":"gandia-sede-del-congreso-internacional-de-bandera-azul-junto-a-alfaz-del-pi","status":"publish","type":"post","link":"https:\/\/infogandia.es\/index.php\/2024\/01\/25\/gandia-sede-del-congreso-internacional-de-bandera-azul-junto-a-alfaz-del-pi\/","title":{"rendered":"Gandia, sede del Congreso Internacional de Bandera Azul junto a Alfaz del Pi"},"content":{"rendered":"\n<p>Fitur ha albergado el acto de presentaci\u00f3n del Congreso Internacional de Bandera Azul. Esta edici\u00f3n, Gandia y Alfaz del Pi son las ciudades elegidas para este evento referente para los destinos que basan su estrategia en la calidad y la sostenibilidad. En el acto donde, donde intervino el alcalde de Gandia, Jos\u00e9 Manuel Prieto, participaron el presidente de ADEAC, Pepe Palacios; la subdirectora General de Desarrollo y Sostenibilidad Tur\u00edstica, Ana Mu\u00f1oz Llabres; y el alcalde de Alfaz del Pi, Vicente Arques, y asistieron la regidora delegada de Turismo, Balbina Sendra; adem\u00e1s de representantes del consistorio y del sector.<\/p>\n\n\n\n<p>Prieto afirm\u00f3 durante su intervenci\u00f3n que, cuando todav\u00eda muchos municipios no hab\u00edan apostado por la sostenibilidad, \u00abnosotros ya iniciamos un camino que nos ha llevado a conseguir la Bandera Azul desde la primera edici\u00f3n\u00bb. Tambi\u00e9n puso en valor la accesibilidad de la playa para que cualquier persona, sea cual sea su situaci\u00f3n \u00abpueda disfrutar como el que m\u00e1s\u00bb.<\/p>\n\n\n\n<p>Sobre la playa del Auir, el alcalde ha adelantado que, junto con el Ministerio de Transici\u00f3n Ecol\u00f3gica, se pretende ponerla en valor para establecer una ribera verde que permita conectar con Xeraco. \u00abGracias al trabajo de instituciones y organismos como ADEAC podemos dise\u00f1ar estrategias que nos anticipan a los retos m\u00e1s importantes que deberemos afrontar en el futuro pr\u00f3ximo\u00bb. \u00abEsperamos que todos aquellos que nos visiten puedan conocer Gandia y los podamos fidelizar para un futuro porque ese es uno de los grandes objetivos del Turismo de Congresos\u00bb, finaliz\u00f3.<br>Mu\u00f1oz Llabres ha destacado que \u00abel proyecto de las Banderas Azules nos encanta porque es un motor de desarrollo para los municipios que la gestionan porque ayuda a tener playas de calidad que sean mundialmente reconocidas\u00bb.<\/p>\n\n\n\n<p>El alcalde de Alfaz del Pi quiso agradecer la confianza que supone haber confiado en un municipio peque\u00f1o para organizar de forma conjunta la iniciativa. \u00abPara nosotros es una oportunidad que reafirma nuestro compromiso por la sostenibilidad y el medio ambiente\u00bb.<br>Por su parte, el presidente de ADEAC, agradeci\u00f3 a ambos municipios su predisposici\u00f3n para organizar un congreso del que afirm\u00f3 que \u00abno s\u00f3lo es importante para vosotros sino para todos los municipios que van a participar. El nivel formativo del programa va a ser muy alto\u00bb.<\/p>\n\n\n\n<p>Sobre la bandera azul<\/p>\n\n\n\n<p>En este sentido cabe recordar que Gandia dispone actualmente de la certificaci\u00f3n de Bandera Azul en la Playa Nord y en la Playa del Auir. Este mayo de 2024, se espera obtener la certificaci\u00f3n de Bandera Azul n\u00famero 38, de manera consecutiva. Gandia se posiciona de este modo entre uno de los pocos destinos de Espa\u00f1a en obtener este distintivo desde sus inicios, renov\u00e1ndose a\u00f1o tras a\u00f1o. Adem\u00e1s, se prev\u00e9 que la Playa del Auir obtenga tambi\u00e9n su tercera Bandera Azul consecutiva.<\/p>\n\n\n\n<p>El Congreso naci\u00f3 con el objetivo de desarrollar un nuevo concepto para las playas, en el que la sostenibilidad, la salud y la seguridad se conviertan en realidades. Este Congreso Internacional, supondr\u00e1 un elemento m\u00e1s para desestacionalizar el destino, ya que durante su celebraci\u00f3n representantes internacionales, nacionales y municipales, t\u00e9cnicos y profesionales de los servicios con responsabilidades en playas, nos visitar\u00e1n.<\/p>\n\n\n\n<p>En cuanto a la programaci\u00f3n del Congreso, los d\u00edas 22 y 23 de octubre, en Alfaz del Pi tendr\u00e1n lugar diferentes conferencias, y el 24, los congresistas se desplazar\u00e1n a Gandia, para realizar pr\u00e1cticas y talleres en la playa Nord. Se trata de una gran oportunidad para compartir experiencias entre t\u00e9cnicos y responsables pol\u00edticos de los diferentes municipios, encargados de gestionar la calidad&nbsp;de&nbsp;las&nbsp;playas.<\/p>\n","protected":false},"excerpt":{"rendered":"<p>Gandia, sede del Congreso Internacional de Bandera Azul junto a Alfaz del Pi.<\/p>\n","protected":false},"author":1,"featured_media":2571,"comment_status":"open","ping_status":"open","sticky":false,"template":"","format":"standard","meta":{"footnotes":""},"categories":[1],"tags":[],"class_list":["post-2585","post","type-post","status-publish","format-standard","has-post-thumbnail","hentry","category-actualidad"],"_links":{"self":[{"href":"https:\/\/infogandia.es\/index.php\/wp-json\/wp\/v2\/posts\/2585","targetHints":{"allow":["GET"]}}],"collection":[{"href":"https:\/\/infogandia.es\/index.php\/wp-json\/wp\/v2\/posts"}],"about":[{"href":"https:\/\/infogandia.es\/index.php\/wp-json\/wp\/v2\/types\/post"}],"author":[{"embeddable":true,"href":"https:\/\/infogandia.es\/index.php\/wp-json\/wp\/v2\/users\/1"}],"replies":[{"embeddable":true,"href":"https:\/\/infogandia.es\/index.php\/wp-json\/wp\/v2\/comments?post=2585"}],"version-history":[{"count":1,"href":"https:\/\/infogandia.es\/index.php\/wp-json\/wp\/v2\/posts\/2585\/revisions"}],"predecessor-version":[{"id":2586,"href":"https:\/\/infogandia.es\/index.php\/wp-json\/wp\/v2\/posts\/2585\/revisions\/2586"}],"wp:featuredmedia":[{"embeddable":true,"href":"https:\/\/infogandia.es\/index.php\/wp-json\/wp\/v2\/media\/2571"}],"wp:attachment":[{"href":"https:\/\/infogandia.es\/index.php\/wp-json\/wp\/v2\/media?parent=2585"}],"wp:term":[{"taxonomy":"category","embeddable":true,"href":"https:\/\/infogandia.es\/index.php\/wp-json\/wp\/v2\/categories?post=2585"},{"taxonomy":"post_tag","embeddable":true,"href":"https:\/\/infogandia.es\/index.php\/wp-json\/wp\/v2\/tags?post=2585"}],"curies":[{"name":"wp","href":"https:\/\/api.w.org\/{rel}","templated":true}]}}