{"id":2587,"date":"2024-01-26T12:45:02","date_gmt":"2024-01-26T12:45:02","guid":{"rendered":"https:\/\/infogandia.es\/?p=2587"},"modified":"2024-01-26T12:45:02","modified_gmt":"2024-01-26T12:45:02","slug":"la-gala-mr-gay-comunitat-valenciana-2024-se-celebrara-en-gandia-el-proximo-25-de-mayo","status":"publish","type":"post","link":"https:\/\/infogandia.es\/index.php\/2024\/01\/26\/la-gala-mr-gay-comunitat-valenciana-2024-se-celebrara-en-gandia-el-proximo-25-de-mayo\/","title":{"rendered":"La Gala Mr.Gay Comunitat Valenciana 2024 se celebrar\u00e1 en Gandia el pr\u00f3ximo 25 de mayo"},"content":{"rendered":"\n<p>El alcalde de Gandia, Jos\u00e9 Manuel Prieto; acompa\u00f1ado por Nano Garc\u00eda, director de Mr. Gay Espa\u00f1a; y Carmen Alcayde y Omar Su\u00e1rez, ha anunciado hoy en Fitur que Gandia acoger\u00e1 la pr\u00f3xima edici\u00f3n de Mr. Gay Comunitat Valenciana el pr\u00f3ximo 25 de mayo aunque se ha adelantado que se est\u00e1 dise\u00f1ando todo un fin de semana de actividades.<\/p>\n\n\n\n<p>El concurso no solo es un escaparate para la elegancia y la personalidad, sino tambi\u00e9n una plataforma para destacar cuestiones sociales relevantes. El evento promueve la visibilidad y la aceptaci\u00f3n, contribuyendo a la lucha contra la discriminaci\u00f3n y el estigma que pueden enfrentar las personas LGBTQ+. La comunidad Valenciana, conocida por su apertura y tolerancia, se convierte as\u00ed en un escenario para la celebraci\u00f3n de la diversidad y el respeto mutuo.<\/p>\n\n\n\n<p>Tal y como ha explicado Garc\u00eda, Mr. Gay Espa\u00f1a se ha convertido en un evento de referencia dentro de los actos que se celebran con motivo del Orgullo en Madrid. \u201cAhora mismo es el evento del Orgullo con mayor repercusi\u00f3n medi\u00e1tica. Antes de llegar a ese punto, tenemos que seleccionar las mejores historias para que todos los finalistas sean nuestros embajadores\u201d.<\/p>\n\n\n\n<p>Carmen Alcayde reivindic\u00f3 que este tipo de eventos \u201chace que se visualice un evento que va mucho m\u00e1s all\u00e1 de la belleza. Es un evento de compa\u00f1erismo, de libertad y de respeto abierto a todos los p\u00fablicos\u201d.<\/p>\n\n\n\n<p>Por su parte, Omar Su\u00e1rez ha querido destacar que \u201cGandia es una de las ciudades donde me encantar\u00eda presentar la Gala. Muchas personas van a descubrir Gandia y queremos llevar el esp\u00edritu de un evento muy atractivo que nos permitir\u00e1 conocer sus playas maravillosas y mucho m\u00e1s\u201d.<\/p>\n\n\n\n<p>Finalmente, Prieto ha querido poner en valor el car\u00e1cter de nuestra ciudad a la que ha definido como una ciudad donde se valora \u201cla tolerancia, el respeto a la diversidad y el acompa\u00f1amiento a todas las personas que en libertad quieren disfrutar de uno de los mejores entornos de toda Espa\u00f1a\u201d \u201cAquellos que nos visiten disfrutar\u00e1n de muchos alicientes de una ciudad que siempre es hospitalaria y acompa\u00f1a a todos los que nos visitan. Esperamos que esta gala sea todo un \u00e9xito de visitantes y&nbsp;participaci\u00f3n\u201d.<\/p>\n","protected":false},"excerpt":{"rendered":"<p>La Gala Mr.Gay Comunitat Valenciana 2024 se celebrar\u00e1 en Gandia el pr\u00f3ximo 25 de mayo.<\/p>\n","protected":false},"author":1,"featured_media":2588,"comment_status":"open","ping_status":"open","sticky":false,"template":"","format":"standard","meta":{"footnotes":""},"categories":[1,57],"tags":[],"class_list":["post-2587","post","type-post","status-publish","format-standard","has-post-thumbnail","hentry","category-actualidad","category-turismo"],"_links":{"self":[{"href":"https:\/\/infogandia.es\/index.php\/wp-json\/wp\/v2\/posts\/2587","targetHints":{"allow":["GET"]}}],"collection":[{"href":"https:\/\/infogandia.es\/index.php\/wp-json\/wp\/v2\/posts"}],"about":[{"href":"https:\/\/infogandia.es\/index.php\/wp-json\/wp\/v2\/types\/post"}],"author":[{"embeddable":true,"href":"https:\/\/infogandia.es\/index.php\/wp-json\/wp\/v2\/users\/1"}],"replies":[{"embeddable":true,"href":"https:\/\/infogandia.es\/index.php\/wp-json\/wp\/v2\/comments?post=2587"}],"version-history":[{"count":1,"href":"https:\/\/infogandia.es\/index.php\/wp-json\/wp\/v2\/posts\/2587\/revisions"}],"predecessor-version":[{"id":2592,"href":"https:\/\/infogandia.es\/index.php\/wp-json\/wp\/v2\/posts\/2587\/revisions\/2592"}],"wp:featuredmedia":[{"embeddable":true,"href":"https:\/\/infogandia.es\/index.php\/wp-json\/wp\/v2\/media\/2588"}],"wp:attachment":[{"href":"https:\/\/infogandia.es\/index.php\/wp-json\/wp\/v2\/media?parent=2587"}],"wp:term":[{"taxonomy":"category","embeddable":true,"href":"https:\/\/infogandia.es\/index.php\/wp-json\/wp\/v2\/categories?post=2587"},{"taxonomy":"post_tag","embeddable":true,"href":"https:\/\/infogandia.es\/index.php\/wp-json\/wp\/v2\/tags?post=2587"}],"curies":[{"name":"wp","href":"https:\/\/api.w.org\/{rel}","templated":true}]}}