{"id":2599,"date":"2024-01-26T12:50:42","date_gmt":"2024-01-26T12:50:42","guid":{"rendered":"https:\/\/infogandia.es\/?p=2599"},"modified":"2024-01-26T12:50:47","modified_gmt":"2024-01-26T12:50:47","slug":"xeraco-fa-un-pas-gegant-per-a-acostar-la-platja-amb-la-falda-del-monduver","status":"publish","type":"post","link":"https:\/\/infogandia.es\/index.php\/2024\/01\/26\/xeraco-fa-un-pas-gegant-per-a-acostar-la-platja-amb-la-falda-del-monduver\/","title":{"rendered":"Xeraco fa un pas gegant per a acostar la platja amb la falda del Mond\u00faver"},"content":{"rendered":"\n<p>L\u2019Ajuntament de Xeraco liderat per Avelino Mascarell ha comen\u00e7at els tr\u00e0mits per a comen\u00e7ar amb la construcci\u00f3 d\u2019un carril ciclopeatonal que pret\u00e9 unir l\u2019actual existent que uneix la poblaci\u00f3 amb la platja de Xeraco, amb un nou carril ciclo peatonal a la zona nord de la poblaci\u00f3 on s\u2019ubiquen tots els centres educatius, fins a una rotonda de nova execusi\u00f3 en la carretera N-332.<\/p>\n\n\n\n<p>Despr\u00e9s de la aprovaci\u00f3 per part del Ministeri del projecte d\u2019humanitzaci\u00f3 de la traves\u00eda de Xeraco en la Carretera N-332, el consistori ha decidit emprar unaltre carril bici que empalmar\u00e0 el ja existent de la Platja amb un nou que recorrer\u00e0 el carrer Lluis Vives passant per la futura rotonda de la carretera nacional fins la falda del Mond\u00faver.<\/p>\n\n\n\n<p>La intenci\u00f3 principal \u00e9s acostar el turisme de la platja a la muntaya facil\u00b7itant l\u2019acc\u00e9s als peus del Montd\u00faver. Els primers tr\u00e0mits ja estan en marxa i ja es compta amb el projecte de contrucci\u00f3 d\u2019un kil\u00f2metre de carril ciclo peatonal davant les escoles i que, ja queda m\u00e9s aprop dels peus del Mond\u00faver.&nbsp;<\/p>\n\n\n\n<p>&lt;&lt;Aquest gran pas \u00e9s una demostraci\u00f3 del gran treball d\u2019equip que tenim, apostem per continuar expandint la mobilitat sostenible a trav\u00e9s d\u2019una xarxa de camins pensats en es vianants i en el despla\u00e7ament de biciletes amb la m\u00e0xima seguretat&gt;&gt;, expressa Avelino Mascarell.&nbsp;<\/p>\n\n\n\n<p>La xarxa de camins naturals t\u00e9 a Xeraco atractius com el Sender Blau, amb 4,7 kil\u00f2metres que transcorre en paral\u00b7lel al riu Vaca. Tamb\u00e9 a l\u2019actual travessia de la marjal que compta amb 3 kil\u00f2metres i que es pret\u00e9n ampliar en un futur immediat. Per \u00faltim l\u2019Ajuntament no renuncia a la Passarel\u00b7la Dunar a la platja, un projecte en el qual s\u2019est\u00e0 treballant per crear un passeig de fusta de 2,6 kil\u00f2metres que s\u2019ubicar\u00e0 de forma paral\u00b7lela a la platja local.<\/p>\n\n\n\n<figure class=\"wp-block-image size-large\"><img fetchpriority=\"high\" decoding=\"async\" width=\"1024\" height=\"803\" src=\"https:\/\/infogandia.es\/wp-content\/uploads\/2024\/01\/PHOTO-2024-01-25-15-44-46-1024x803.jpg\" alt=\"\" class=\"wp-image-2601\" srcset=\"https:\/\/infogandia.es\/wp-content\/uploads\/2024\/01\/PHOTO-2024-01-25-15-44-46-1024x803.jpg 1024w, https:\/\/infogandia.es\/wp-content\/uploads\/2024\/01\/PHOTO-2024-01-25-15-44-46-300x235.jpg 300w, https:\/\/infogandia.es\/wp-content\/uploads\/2024\/01\/PHOTO-2024-01-25-15-44-46-768x602.jpg 768w, https:\/\/infogandia.es\/wp-content\/uploads\/2024\/01\/PHOTO-2024-01-25-15-44-46-1536x1205.jpg 1536w, https:\/\/infogandia.es\/wp-content\/uploads\/2024\/01\/PHOTO-2024-01-25-15-44-46.jpg 1600w\" sizes=\"(max-width: 1024px) 100vw, 1024px\" \/><\/figure>\n","protected":false},"excerpt":{"rendered":"<p>Xeraco fa un pas gegant per a acostar la platja amb la falda del Mond\u00faver<\/p>\n","protected":false},"author":1,"featured_media":2600,"comment_status":"open","ping_status":"open","sticky":false,"template":"","format":"standard","meta":{"footnotes":""},"categories":[1],"tags":[],"class_list":["post-2599","post","type-post","status-publish","format-standard","has-post-thumbnail","hentry","category-actualidad"],"_links":{"self":[{"href":"https:\/\/infogandia.es\/index.php\/wp-json\/wp\/v2\/posts\/2599","targetHints":{"allow":["GET"]}}],"collection":[{"href":"https:\/\/infogandia.es\/index.php\/wp-json\/wp\/v2\/posts"}],"about":[{"href":"https:\/\/infogandia.es\/index.php\/wp-json\/wp\/v2\/types\/post"}],"author":[{"embeddable":true,"href":"https:\/\/infogandia.es\/index.php\/wp-json\/wp\/v2\/users\/1"}],"replies":[{"embeddable":true,"href":"https:\/\/infogandia.es\/index.php\/wp-json\/wp\/v2\/comments?post=2599"}],"version-history":[{"count":1,"href":"https:\/\/infogandia.es\/index.php\/wp-json\/wp\/v2\/posts\/2599\/revisions"}],"predecessor-version":[{"id":2602,"href":"https:\/\/infogandia.es\/index.php\/wp-json\/wp\/v2\/posts\/2599\/revisions\/2602"}],"wp:featuredmedia":[{"embeddable":true,"href":"https:\/\/infogandia.es\/index.php\/wp-json\/wp\/v2\/media\/2600"}],"wp:attachment":[{"href":"https:\/\/infogandia.es\/index.php\/wp-json\/wp\/v2\/media?parent=2599"}],"wp:term":[{"taxonomy":"category","embeddable":true,"href":"https:\/\/infogandia.es\/index.php\/wp-json\/wp\/v2\/categories?post=2599"},{"taxonomy":"post_tag","embeddable":true,"href":"https:\/\/infogandia.es\/index.php\/wp-json\/wp\/v2\/tags?post=2599"}],"curies":[{"name":"wp","href":"https:\/\/api.w.org\/{rel}","templated":true}]}}