{"id":2606,"date":"2024-01-29T17:40:40","date_gmt":"2024-01-29T17:40:40","guid":{"rendered":"https:\/\/infogandia.es\/?p=2606"},"modified":"2024-01-29T17:40:40","modified_gmt":"2024-01-29T17:40:40","slug":"gandia-cierra-fitur-2024-consolidando-el-mensaje-de-ciudad-para-invertir","status":"publish","type":"post","link":"https:\/\/infogandia.es\/index.php\/2024\/01\/29\/gandia-cierra-fitur-2024-consolidando-el-mensaje-de-ciudad-para-invertir\/","title":{"rendered":"Gandia cierra Fitur 2024 consolidando el mensaje de ciudad para invertir"},"content":{"rendered":"\n<p>La concejala delegada de Turismo, Balbina Sendra, ha comparecido esta ma\u00f1ana en rueda de prensa para hacer balance de la actividad de Gandia durante la celebraci\u00f3n de Fitur. &#8220;Estamos muy contentos del trabajo que hemos hecho&#8221; ha afirmado el edil quien ha destacado que la Fira ha sido preparada con meses de antelaci\u00f3n y que &#8220;el resultado ha sido el esperado&#8221;.<\/p>\n\n\n\n<p>Sendra ha explicado que se ha trabajado, por un lado, en la l\u00ednea de p\u00fablico inversor al que se le ha informado de las ventajas de invertir en nuestra ciudad mientras que, por otro, y para el p\u00fablico finalista, &#8220;hemos hecho valer la climatolog\u00eda, el turismo activo donde hemos incidido en la escalada, los eventos deportivos como el tercer Rally Borja, la cultura y el patrimonio de la mano de la restauraci\u00f3n de la Capilla de la Asunci\u00f3n o el vig\u00e9simo cumplea\u00f1os del Cortoons y los Gandia Friki Days&#8221; .<\/p>\n\n\n\n<p>&#8220;Fitur no ha terminado aqu\u00ed. Ahora tenemos que seguir aterrizando ideas y generando oportunidades que han surgido de las reuniones que se han mantenido (Destinia, Barcel\u00f3, El Corte Ingl\u00e9s, Civitatis o We Like Travel, entre otras muchas)&#8221; explicado la concejala quien tambi\u00e9n ha puesto en valor la promoci\u00f3n de la gastronom\u00eda con el showcooking de la fideu\u00e1, la presentaci\u00f3n de la Feria Gastron\u00f3mica de la berenjena y la Decimoquinta de la Cigala, adem\u00e1s de una importante reuni\u00f3n con &#8216;Saborea Espa\u00f1a&#8217; , entre otras iniciativas donde est\u00e1n implicadas Tasta Gandia o Destino Safor.<\/p>\n\n\n\n<p>Tambi\u00e9n se ha remarcado la importancia que se le ha asignado a las fiestas y celebraciones de Gandia. Las Fallas y la Semana Santa han sido reivindicadas con un acto en la plaza Central del stand de la Comunidad Valenciana para afianzarlas y promocionarlas como Fiestas de Inter\u00e9s tur\u00edstico Nacional.<\/p>\n\n\n\n<p>La pluralidad y el respeto han tenido lugar en estos d\u00edas de intenso trabajo con la presentaci\u00f3n de Gandia como sede de Mr.Gay Comunitat Valenciana. &#8220;Una iniciativa que habla de inclusi\u00f3n, de la problem\u00e1tica que tiene el colectivo, pero tambi\u00e9n nos ayudar\u00e1 a tener un gran impacto publicitario, promocional y tur\u00edstico a nivel nacional&#8221;.<\/p>\n\n\n\n<p>En cuanto a la sostenibilidad, ha puesto en valor el Congreso Internacional de bandera Azul que se organizar\u00e1 conjuntamente con Alf\u00e0s del Pi. En este sentido, Gandia ha recibido durante la feria reconocimientos importantes como el segundo destino SICTED de Espa\u00f1a, el distintivo de Destino Tur\u00edstico Inteligente o el &#8216;S&#8217; de Sostenibilidad que otorga el Ministerio de Turismo a las playas del Auir, Norte o las oficinas de Turismo.<\/p>\n\n\n\n<p>En otro \u00e1mbito de cosas, la concejala ha destacado el encuentro con la Diputaci\u00f3n en el que han abordado diversos aspectos como la promoci\u00f3n del destino o los hermanamientos entre las ciudades costeras y de interior que anunci\u00f3 el ente provincial.<\/p>\n\n\n\n<p>&#8220;La pr\u00f3xima semana iremos anunciando otros acuerdos que se han empezado a trabajar durante estos d\u00edas. Fitur no acaba ahora, es una estrategia conjunta que nos lleva a estar trabajando ya en la pr\u00f3xima edici\u00f3n&#8221; ha afirmado la concejala quien ha dejado la puerta abierta a que Gandia tenga una marca tur\u00edstica propia que le permita tener un stand en exclusiva. &#8220;Es una petici\u00f3n que hemos hecho a Turismo Comunitat Valenciana y que continuaremos reivindicando. En definitiva, el producto tur\u00edstico ha estado en el centro de la promoci\u00f3n que hemos llevado a cabo y ahora toca llevarlo a todas las agencias para que nos ayuden a comercializar- lo mediante&nbsp;&#8216;Creaturismo'&#8221;.<\/p>\n","protected":false},"excerpt":{"rendered":"<p>Gandia cierra Fitur 2024 consolidando el mensaje de ciudad para invertir<\/p>\n<p>La concejala delegada de Turismo, Balbina Sendra, ha comparecido esta ma\u00f1ana en rueda de prensa para hacer balance de la actividad de Gandia durante la celebraci\u00f3n de Fitur. &#8220;Estamos muy contentos del trabajo que hemos hecho&#8221; ha afirmado el edil quien ha destacado que la Fira ha sido preparada con meses de antelaci\u00f3n y que &#8220;el resultado ha sido el esperado&#8221;.<\/p>\n<p>Sendra ha explicado que se ha trabajado, por un lado, en la l\u00ednea de p\u00fablico inversor al que se le ha informado de las ventajas de invertir en nuestra ciudad mientras que, por otro, y para el p\u00fablico finalista, &#8220;hemos hecho valer la climatolog\u00eda, el turismo activo donde hemos incidido en la escalada, los eventos deportivos como el tercer Rally Borja, la cultura y el patrimonio de la mano de la restauraci\u00f3n de la Capilla de la Asunci\u00f3n o el vig\u00e9simo cumplea\u00f1os del Cortoons y los Gandia Friki Days&#8221; .<\/p>\n<p>&#8220;Fitur no ha terminado aqu\u00ed. Ahora tenemos que seguir aterrizando ideas y generando oportunidades que han surgido de las reuniones que se han mantenido (Destinia, Barcel\u00f3, El Corte Ingl\u00e9s, Civitatis o We Like Travel, entre otras muchas)&#8221; explicado la concejala quien tambi\u00e9n ha puesto en valor la promoci\u00f3n de la gastronom\u00eda con el showcooking de la fideu\u00e1, la presentaci\u00f3n de la Feria Gastron\u00f3mica de la berenjena y la Decimoquinta de la Cigala, adem\u00e1s de una importante reuni\u00f3n con &#8216;Saborea Espa\u00f1a&#8217; , entre otras iniciativas donde est\u00e1n implicadas Tasta Gandia o Destino Safor.<\/p>\n<p>Tambi\u00e9n se ha remarcado la importancia que se le ha asignado a las fiestas y celebraciones de Gandia. Las Fallas y la Semana Santa han sido reivindicadas con un acto en la plaza Central del stand de la Comunidad Valenciana para afianzarlas y promocionarlas como Fiestas de Inter\u00e9s tur\u00edstico Nacional.<\/p>\n<p>La pluralidad y el respeto han tenido lugar en estos d\u00edas de intenso trabajo con la presentaci\u00f3n de Gandia como sede de Mr.Gay Comunitat Valenciana. &#8220;Una iniciativa que habla de inclusi\u00f3n, de la problem\u00e1tica que tiene el colectivo, pero tambi\u00e9n nos ayudar\u00e1 a tener un gran impacto publicitario, promocional y tur\u00edstico a nivel nacional&#8221;.<\/p>\n<p>En cuanto a la sostenibilidad, ha puesto en valor el Congreso Internacional de bandera Azul que se organizar\u00e1 conjuntamente con Alf\u00e0s del Pi. En este sentido, Gandia ha recibido durante la feria reconocimientos importantes como el segundo destino SICTED de Espa\u00f1a, el distintivo de Destino Tur\u00edstico Inteligente o el &#8216;S&#8217; de Sostenibilidad que otorga el Ministerio de Turismo a las playas del Auir, Norte o las oficinas de Turismo.<\/p>\n<p>En otro \u00e1mbito de cosas, la concejala ha destacado el encuentro con la Diputaci\u00f3n en el que han abordado diversos aspectos como la promoci\u00f3n del destino o los hermanamientos entre las ciudades costeras y de interior que anunci\u00f3 el ente provincial.<\/p>\n<p>&#8220;La pr\u00f3xima semana iremos anunciando otros acuerdos que se han empezado a trabajar durante estos d\u00edas. Fitur no acaba ahora, es una estrategia conjunta que nos lleva a estar trabajando ya en la pr\u00f3xima edici\u00f3n&#8221; ha afirmado la concejala quien ha dejado la puerta abierta a que Gandia tenga una marca tur\u00edstica propia que le permita tener un stand en exclusiva. &#8220;Es una petici\u00f3n que hemos hecho a Turismo Comunitat Valenciana y que continuaremos reivindicando. En definitiva, el producto tur\u00edstico ha estado en el centro de la promoci\u00f3n que hemos llevado a cabo y ahora toca llevarlo a todas las agencias para que nos ayuden a comercializar- lo mediante\u00a0&#8216;Creaturismo'&#8221;.<\/p>\n","protected":false},"author":1,"featured_media":2607,"comment_status":"open","ping_status":"open","sticky":false,"template":"","format":"standard","meta":{"footnotes":""},"categories":[1],"tags":[],"class_list":["post-2606","post","type-post","status-publish","format-standard","has-post-thumbnail","hentry","category-actualidad"],"_links":{"self":[{"href":"https:\/\/infogandia.es\/index.php\/wp-json\/wp\/v2\/posts\/2606","targetHints":{"allow":["GET"]}}],"collection":[{"href":"https:\/\/infogandia.es\/index.php\/wp-json\/wp\/v2\/posts"}],"about":[{"href":"https:\/\/infogandia.es\/index.php\/wp-json\/wp\/v2\/types\/post"}],"author":[{"embeddable":true,"href":"https:\/\/infogandia.es\/index.php\/wp-json\/wp\/v2\/users\/1"}],"replies":[{"embeddable":true,"href":"https:\/\/infogandia.es\/index.php\/wp-json\/wp\/v2\/comments?post=2606"}],"version-history":[{"count":1,"href":"https:\/\/infogandia.es\/index.php\/wp-json\/wp\/v2\/posts\/2606\/revisions"}],"predecessor-version":[{"id":2613,"href":"https:\/\/infogandia.es\/index.php\/wp-json\/wp\/v2\/posts\/2606\/revisions\/2613"}],"wp:featuredmedia":[{"embeddable":true,"href":"https:\/\/infogandia.es\/index.php\/wp-json\/wp\/v2\/media\/2607"}],"wp:attachment":[{"href":"https:\/\/infogandia.es\/index.php\/wp-json\/wp\/v2\/media?parent=2606"}],"wp:term":[{"taxonomy":"category","embeddable":true,"href":"https:\/\/infogandia.es\/index.php\/wp-json\/wp\/v2\/categories?post=2606"},{"taxonomy":"post_tag","embeddable":true,"href":"https:\/\/infogandia.es\/index.php\/wp-json\/wp\/v2\/tags?post=2606"}],"curies":[{"name":"wp","href":"https:\/\/api.w.org\/{rel}","templated":true}]}}