{"id":2614,"date":"2024-01-29T17:41:37","date_gmt":"2024-01-29T17:41:37","guid":{"rendered":"https:\/\/infogandia.es\/?p=2614"},"modified":"2024-01-29T17:41:37","modified_gmt":"2024-01-29T17:41:37","slug":"gandia-reivindica-el-anillo-verde-en-el-dia-del-arbol","status":"publish","type":"post","link":"https:\/\/infogandia.es\/index.php\/2024\/01\/29\/gandia-reivindica-el-anillo-verde-en-el-dia-del-arbol\/","title":{"rendered":"Gandia reivindica el Anillo Verde en el D\u00eda del \u00c1rbol"},"content":{"rendered":"\n<p>Con motivo del D\u00eda del \u00c1rbol de la Comunidad Valenciana (31 de enero), se han programado actividades ambientales para el pr\u00f3ximo domingo, 4 de febrero, \u00abpara hacer del entorno un espacio de vida m\u00e1s agradable y sostenible\u00bb. Las han presentado esta ma\u00f1ana la primera Teniente de Alcald\u00eda y concejala de Medio Ambiente, Sostenibilidad y Emergencia clim\u00e1tica, Al\u00edcia Izquierdo, acompa\u00f1ada del Director general de Medio Natural, Daniel Mu\u00f1oz.<\/p>\n\n\n\n<p>As\u00ed, este a\u00f1o, adem\u00e1s del car\u00e1cter popular se quiere promocionar tambi\u00e9n el Anillo Verde de Gandia, un proyecto pionero y referente para muchas otras ciudades, que recupera, une y pone en valor todos los espacios verdes y naturales que rodean a la ciudad. Por ello, se ha elegido para la celebraci\u00f3n del D\u00eda del \u00e1rbol el entorno de la Alquer\u00eda Martorell, el \u00faltimo tramo ejecutado de la Anella Verda de Gandia. &#8220;Queremos conjugar el car\u00e1cter popular y familiar de las actividades programadas, con la promoci\u00f3n de la Anella Verda y de nuestro patrimonio hist\u00f3rico&#8221;, ha destacado Izquierdo.<\/p>\n\n\n\n<p>La programaci\u00f3n se inicia a las 9.30 h en la Ermita de Martorell donde se iniciar\u00e1n los talleres a las 9.45 h: &#8220;Qu\u00e9 es la Ermita de Martorell&#8221;; \u00abel \u00e1rbol puzle (para las m\u00e1s peque\u00f1as); &#8220;Cu\u00e1les son los \u00e1rboles mediterr\u00e1neos&#8221;, con plantaci\u00f3n popular de una veintena de \u00e1rboles grandes (con la ayuda de monitores), y pintura popular &#8220;Anella Verda&#8221;.<\/p>\n\n\n\n<p>A las 11.00 h est\u00e1 previsto una naranja popular con desayuno, seguidas de una animaci\u00f3n con t\u00edteres.<\/p>\n\n\n\n<p>A las 12.15 h se repiten los talleres y actividades.<\/p>\n\n\n\n<p>Adem\u00e1s, durante la jornada se podr\u00e1 visitar la exposici\u00f3n Anilla Verde de Gandia en el nuevo tramo de Martorell.<\/p>\n\n\n\n<p>&#8220;En definitiva, hemos programado toda una ma\u00f1ana en familia para disfrutar de la naturaleza, el patrimonio y conocer los avances que estamos haciendo en la Anilla Verde de Gandia&#8221;, ha concluido&nbsp;Mu\u00f1oz.<\/p>\n","protected":false},"excerpt":{"rendered":"<p>Gandia reivindica el Anillo Verde en el D\u00eda del \u00c1rbol<\/p>\n<p>Con motivo del D\u00eda del \u00c1rbol de la Comunidad Valenciana (31 de enero), se han programado actividades ambientales para el pr\u00f3ximo domingo, 4 de febrero, \u00abpara hacer del entorno un espacio de vida m\u00e1s agradable y sostenible\u00bb. Las han presentado esta ma\u00f1ana la primera Teniente de Alcald\u00eda y concejala de Medio Ambiente, Sostenibilidad y Emergencia clim\u00e1tica, Al\u00edcia Izquierdo, acompa\u00f1ada del Director general de Medio Natural, Daniel Mu\u00f1oz.<\/p>\n<p>As\u00ed, este a\u00f1o, adem\u00e1s del car\u00e1cter popular se quiere promocionar tambi\u00e9n el Anillo Verde de Gandia, un proyecto pionero y referente para muchas otras ciudades, que recupera, une y pone en valor todos los espacios verdes y naturales que rodean a la ciudad. Por ello, se ha elegido para la celebraci\u00f3n del D\u00eda del \u00e1rbol el entorno de la Alquer\u00eda Martorell, el \u00faltimo tramo ejecutado de la Anella Verda de Gandia. &#8220;Queremos conjugar el car\u00e1cter popular y familiar de las actividades programadas, con la promoci\u00f3n de la Anella Verda y de nuestro patrimonio hist\u00f3rico&#8221;, ha destacado Izquierdo.<\/p>\n<p>La programaci\u00f3n se inicia a las 9.30 h en la Ermita de Martorell donde se iniciar\u00e1n los talleres a las 9.45 h: &#8220;Qu\u00e9 es la Ermita de Martorell&#8221;; \u00abel \u00e1rbol puzle (para las m\u00e1s peque\u00f1as); &#8220;Cu\u00e1les son los \u00e1rboles mediterr\u00e1neos&#8221;, con plantaci\u00f3n popular de una veintena de \u00e1rboles grandes (con la ayuda de monitores), y pintura popular &#8220;Anella Verda&#8221;.<\/p>\n<p>A las 11.00 h est\u00e1 previsto una naranja popular con desayuno, seguidas de una animaci\u00f3n con t\u00edteres.<\/p>\n<p>A las 12.15 h se repiten los talleres y actividades.<\/p>\n<p>Adem\u00e1s, durante la jornada se podr\u00e1 visitar la exposici\u00f3n Anilla Verde de Gandia en el nuevo tramo de Martorell.<\/p>\n<p>&#8220;En definitiva, hemos programado toda una ma\u00f1ana en familia para disfrutar de la naturaleza, el patrimonio y conocer los avances que estamos haciendo en la Anilla Verde de Gandia&#8221;, ha concluido\u00a0Mu\u00f1oz.<\/p>\n","protected":false},"author":1,"featured_media":2608,"comment_status":"open","ping_status":"open","sticky":false,"template":"","format":"standard","meta":{"footnotes":""},"categories":[1],"tags":[],"class_list":["post-2614","post","type-post","status-publish","format-standard","has-post-thumbnail","hentry","category-actualidad"],"_links":{"self":[{"href":"https:\/\/infogandia.es\/index.php\/wp-json\/wp\/v2\/posts\/2614","targetHints":{"allow":["GET"]}}],"collection":[{"href":"https:\/\/infogandia.es\/index.php\/wp-json\/wp\/v2\/posts"}],"about":[{"href":"https:\/\/infogandia.es\/index.php\/wp-json\/wp\/v2\/types\/post"}],"author":[{"embeddable":true,"href":"https:\/\/infogandia.es\/index.php\/wp-json\/wp\/v2\/users\/1"}],"replies":[{"embeddable":true,"href":"https:\/\/infogandia.es\/index.php\/wp-json\/wp\/v2\/comments?post=2614"}],"version-history":[{"count":1,"href":"https:\/\/infogandia.es\/index.php\/wp-json\/wp\/v2\/posts\/2614\/revisions"}],"predecessor-version":[{"id":2615,"href":"https:\/\/infogandia.es\/index.php\/wp-json\/wp\/v2\/posts\/2614\/revisions\/2615"}],"wp:featuredmedia":[{"embeddable":true,"href":"https:\/\/infogandia.es\/index.php\/wp-json\/wp\/v2\/media\/2608"}],"wp:attachment":[{"href":"https:\/\/infogandia.es\/index.php\/wp-json\/wp\/v2\/media?parent=2614"}],"wp:term":[{"taxonomy":"category","embeddable":true,"href":"https:\/\/infogandia.es\/index.php\/wp-json\/wp\/v2\/categories?post=2614"},{"taxonomy":"post_tag","embeddable":true,"href":"https:\/\/infogandia.es\/index.php\/wp-json\/wp\/v2\/tags?post=2614"}],"curies":[{"name":"wp","href":"https:\/\/api.w.org\/{rel}","templated":true}]}}