{"id":2641,"date":"2024-01-30T17:22:33","date_gmt":"2024-01-30T17:22:33","guid":{"rendered":"https:\/\/infogandia.es\/?p=2641"},"modified":"2024-01-30T17:22:33","modified_gmt":"2024-01-30T17:22:33","slug":"gandia-comprometida-con-la-lucha-contra-la-violencia-machista","status":"publish","type":"post","link":"https:\/\/infogandia.es\/index.php\/2024\/01\/30\/gandia-comprometida-con-la-lucha-contra-la-violencia-machista\/","title":{"rendered":"Gandia comprometida con la lucha contra la violencia machista"},"content":{"rendered":"\n<p>La sala B del Teatro Serrano ha acogido esta ma\u00f1ana el acto de presentaci\u00f3n del taller &#8216;La m\u00e1scara del amor&#8217;. Una iniciativa iniciada desde la concejal\u00eda de Protecci\u00f3n, Seguridad y Convivencia, y el departamento de Igualdad del Ayuntamiento de Gandia.<\/p>\n\n\n\n<p>La medida, que durante estas semanas permite que se impartan en distintos centros educativos talleres y charlas, tiene como objetivo prevenir y detectar las relaciones t\u00f3xicas y las din\u00e1micas de maltrato que puedan surgir a edades tempranas.<\/p>\n\n\n\n<p>Dentro de la programaci\u00f3n de estas actividades, el Serrano ha organizado una jornada inaugurada por el alcalde de Gandia, Jos\u00e9 Manuel Prieto. Adem\u00e1s de representantes del consistorio y de la Polic\u00eda Local, el encuentro ha contado con las personas implicadas en el proyecto y alumnado de distintos centros educativos de nuestra ciudad.<\/p>\n\n\n\n<p>Durante la ma\u00f1ana se proyectaron dos cortometrajes sobre la tem\u00e1tica: &#8216;El principio del final&#8217; y &#8216;Una conversaci\u00f3n importante&#8217;; proyectado un v\u00eddeo de Vicent Garrido; adem\u00e1s de impartir dos charlas. En la primera, intervinieron las concejalas Lydia Morant y Maribel Codina, junto con el Comisario Principal Jefe de la Polic\u00eda Local de Gand\u00eda, Jos\u00e9 Mart\u00ednez Espasa, adem\u00e1s de la periodista Marina Vall\u00e9s, que tambi\u00e9n particip\u00f3 en otro encuentro que cont\u00f3 con la participaci\u00f3n de Tessa Garc\u00eda, \u00d3scar pastor (agente de la unidad Jazm\u00edn) y con un integrante de la comunidad educativa.<\/p>\n\n\n\n<p>En su intervenci\u00f3n, el alcalde calific\u00f3 la violencia machista como &#8220;un hecho estructural que se est\u00e1 haciendo m\u00e1s que profundo en la sociedad y que debemos detener con prevenci\u00f3n&#8221;. Prieto ha incidido en la importancia de acciones como &#8216;La m\u00e1scara del amor&#8217; que ayudan a visibilizar comportamientos violentos hacia la mujer.<br>&#8220;Es una lucha que nos implica a todos: en el consistorio, en la Polic\u00eda Local y su unidad Jazm\u00edn, adem\u00e1s de colectivos y entidades que colaboran con \u00e9sta y otras medidas&#8221;.<\/p>\n\n\n\n<p>En este punto, ha remarcado la importancia del papel que desempe\u00f1an los centros educativos a la hora de detectar actitudes nocivas. &#8220;Es imprescindible este trabajo, no s\u00f3lo por los altos \u00edndices de violencia machista que vivimos hoy en d\u00eda, sino porque todo lo que no hacemos ahora servir\u00e1 para seguir creando sociedades desiguales y reforzando actitudes machistas. Este es el trabajo que nos corresponde a todos para conseguir una sociedad cada&nbsp;vez&nbsp;mejor&#8221;.<\/p>\n","protected":false},"excerpt":{"rendered":"<p>Gandia comprometida con la lucha contra la violencia machista.<\/p>\n","protected":false},"author":1,"featured_media":2636,"comment_status":"open","ping_status":"open","sticky":false,"template":"","format":"standard","meta":{"footnotes":""},"categories":[1,5],"tags":[],"class_list":["post-2641","post","type-post","status-publish","format-standard","has-post-thumbnail","hentry","category-actualidad","category-educacion"],"_links":{"self":[{"href":"https:\/\/infogandia.es\/index.php\/wp-json\/wp\/v2\/posts\/2641","targetHints":{"allow":["GET"]}}],"collection":[{"href":"https:\/\/infogandia.es\/index.php\/wp-json\/wp\/v2\/posts"}],"about":[{"href":"https:\/\/infogandia.es\/index.php\/wp-json\/wp\/v2\/types\/post"}],"author":[{"embeddable":true,"href":"https:\/\/infogandia.es\/index.php\/wp-json\/wp\/v2\/users\/1"}],"replies":[{"embeddable":true,"href":"https:\/\/infogandia.es\/index.php\/wp-json\/wp\/v2\/comments?post=2641"}],"version-history":[{"count":1,"href":"https:\/\/infogandia.es\/index.php\/wp-json\/wp\/v2\/posts\/2641\/revisions"}],"predecessor-version":[{"id":2642,"href":"https:\/\/infogandia.es\/index.php\/wp-json\/wp\/v2\/posts\/2641\/revisions\/2642"}],"wp:featuredmedia":[{"embeddable":true,"href":"https:\/\/infogandia.es\/index.php\/wp-json\/wp\/v2\/media\/2636"}],"wp:attachment":[{"href":"https:\/\/infogandia.es\/index.php\/wp-json\/wp\/v2\/media?parent=2641"}],"wp:term":[{"taxonomy":"category","embeddable":true,"href":"https:\/\/infogandia.es\/index.php\/wp-json\/wp\/v2\/categories?post=2641"},{"taxonomy":"post_tag","embeddable":true,"href":"https:\/\/infogandia.es\/index.php\/wp-json\/wp\/v2\/tags?post=2641"}],"curies":[{"name":"wp","href":"https:\/\/api.w.org\/{rel}","templated":true}]}}