{"id":2660,"date":"2024-02-01T08:03:29","date_gmt":"2024-02-01T08:03:29","guid":{"rendered":"https:\/\/infogandia.es\/?p=2660"},"modified":"2024-02-01T08:03:29","modified_gmt":"2024-02-01T08:03:29","slug":"oscar-berto-renueva-con-el-gandia-cf","status":"publish","type":"post","link":"https:\/\/infogandia.es\/index.php\/2024\/02\/01\/oscar-berto-renueva-con-el-gandia-cf\/","title":{"rendered":"\u00d3scar Bert\u00f3 renueva con el Gandia CF"},"content":{"rendered":"\n<p>\u00d3scar Bert\u00f3 form\u00f3 parte de la plantilla del ascenso a Tercera en 2022, aquella final en Quart de Poblet a partido \u00fanico donde el equipo de Adri\u00e1n Ferrandis logr\u00f3 el ansiado ascenso. Luego \u00e9l tambi\u00e9n fue protagonista del CF Gand\u00eda de los locos que pese a todo el viento en contra mir\u00f3 de cerca la Promoci\u00f3n de ascenso. Esta temporada era el comod\u00edn, jugando en varias posiciones, donde hiciese falta para seguir defendiendo el escudo del CF Gand\u00eda. Una lesi\u00f3n se cruz\u00f3 en su camino, el pasado noviembre en el Guillermo Olag\u00fce se lesion\u00f3 de cruzados ante el Jove Espa\u00f1ol.<\/p>\n\n\n\n<p>El \u201c6\u201d, el capit\u00e1n, el alma del CF Gand\u00eda, se recupera con la paciencia que obliga estas lesiones y lo hace con el refuerzo que le da el club de seguir confiando en \u00e9l para liderar nuevos retos en el futuro. Bert\u00f3 ampl\u00eda su contrato hasta 2025, hay capit\u00e1n para rato en el CF Gand\u00eda. Aqu\u00ed el momento que el aficionado del CF Gand\u00eda descubr\u00eda&nbsp;esta&nbsp;noticia:<\/p>\n\n\n\n<figure class=\"wp-block-video\"><video height=\"1080\" style=\"aspect-ratio: 1920 \/ 1080;\" width=\"1920\" controls src=\"https:\/\/infogandia.es\/wp-content\/uploads\/2024\/02\/OSCAR-BERTO-RENOVACION.mp4\"><\/video><\/figure>\n","protected":false},"excerpt":{"rendered":"<p>\u00d3scar Bert\u00f3 form\u00f3 parte de la plantilla del ascenso a Tercera en 2022, aquella final en Quart de Poblet a partido \u00fanico donde el equipo de Adri\u00e1n Ferrandis logr\u00f3 el ansiado ascenso. Luego \u00e9l tambi\u00e9n fue protagonista del CF Gand\u00eda de los locos que pese a todo el viento en contra mir\u00f3 de cerca la&#8230;<\/p>\n","protected":false},"author":1,"featured_media":2650,"comment_status":"open","ping_status":"open","sticky":false,"template":"","format":"standard","meta":{"footnotes":""},"categories":[1,27],"tags":[],"class_list":["post-2660","post","type-post","status-publish","format-standard","has-post-thumbnail","hentry","category-actualidad","category-sociedad"],"_links":{"self":[{"href":"https:\/\/infogandia.es\/index.php\/wp-json\/wp\/v2\/posts\/2660","targetHints":{"allow":["GET"]}}],"collection":[{"href":"https:\/\/infogandia.es\/index.php\/wp-json\/wp\/v2\/posts"}],"about":[{"href":"https:\/\/infogandia.es\/index.php\/wp-json\/wp\/v2\/types\/post"}],"author":[{"embeddable":true,"href":"https:\/\/infogandia.es\/index.php\/wp-json\/wp\/v2\/users\/1"}],"replies":[{"embeddable":true,"href":"https:\/\/infogandia.es\/index.php\/wp-json\/wp\/v2\/comments?post=2660"}],"version-history":[{"count":1,"href":"https:\/\/infogandia.es\/index.php\/wp-json\/wp\/v2\/posts\/2660\/revisions"}],"predecessor-version":[{"id":2662,"href":"https:\/\/infogandia.es\/index.php\/wp-json\/wp\/v2\/posts\/2660\/revisions\/2662"}],"wp:featuredmedia":[{"embeddable":true,"href":"https:\/\/infogandia.es\/index.php\/wp-json\/wp\/v2\/media\/2650"}],"wp:attachment":[{"href":"https:\/\/infogandia.es\/index.php\/wp-json\/wp\/v2\/media?parent=2660"}],"wp:term":[{"taxonomy":"category","embeddable":true,"href":"https:\/\/infogandia.es\/index.php\/wp-json\/wp\/v2\/categories?post=2660"},{"taxonomy":"post_tag","embeddable":true,"href":"https:\/\/infogandia.es\/index.php\/wp-json\/wp\/v2\/tags?post=2660"}],"curies":[{"name":"wp","href":"https:\/\/api.w.org\/{rel}","templated":true}]}}