{"id":2685,"date":"2024-02-01T17:35:23","date_gmt":"2024-02-01T17:35:23","guid":{"rendered":"https:\/\/infogandia.es\/?p=2685"},"modified":"2024-02-01T17:35:24","modified_gmt":"2024-02-01T17:35:24","slug":"el-teatro-serrano-acogera-este-domingo-la-gala-benefica-alza-tu-voz","status":"publish","type":"post","link":"https:\/\/infogandia.es\/index.php\/2024\/02\/01\/el-teatro-serrano-acogera-este-domingo-la-gala-benefica-alza-tu-voz\/","title":{"rendered":"El Teatro Serrano acoger\u00e1 este domingo la gala ben\u00e9fica &#8216;Alza tu voz&#8217;"},"content":{"rendered":"\n<p>.La edil delegada de Sanidad y Pol\u00edticas Saludables, Liduvina Gil; la presidenta de la Asociaci\u00f3n Espa\u00f1ola Contra el C\u00e1ncer en Gand\u00eda, Evelyne Cieslak; la presidenta de la Asociaci\u00f3n del Parkinson de la ciudad, Mari Carmen Escriv\u00e1; y la soprano Montse Berm\u00fadez, presentaron hoy la gala ben\u00e9fica &#8216;Alza tu voz&#8217;.La cita tendr\u00e1 lugar a las 18 horas de este domingo, 4 de febrero, en el Teatre Serrano y coincidir\u00e1 con el D\u00eda Mundial contra el C\u00e1ncer. Tal y como ha explicado la concejala, el objetivo es recaudar dinero para luchar contra las dos enfermedades a trav\u00e9s de este concierto en el que participar\u00e1n 14 cantantes, 4 m\u00fasicos y 6 bailarines.Berm\u00fadez, directora del evento, ha se\u00f1alado que la actuaci\u00f3n contar\u00e1 con cantantes internacionales y un repertorio muy variado. &#8220;Ser\u00e1 espectacular en el sentido de que se ha escogido el mejor, no s\u00f3lo de la m\u00fasica cl\u00e1sica, sino tambi\u00e9n de las piezas m\u00e1s modernas&#8221;, a\u00f1adi\u00f3.As\u00ed, ha explicado que la funci\u00f3n incluir\u00e1 25 temas de estilos tan distintos como la \u00f3pera, la zarzuela, el pop-rock o las baladas, e incluir\u00e1 canciones de artistas de la talla de Nino Bravo, Elvis Presley o Tina Turner. &#8220;Adem\u00e1s, contaremos con la colaboraci\u00f3n de la academia de baile &#8220;Son del Timbal&#8221;, que se ha ofrecido a colaborar con esta solidaria causa&#8221;, ha destacado.Las entradas cuestan 10 euros y se pueden comprar hasta ma\u00f1ana viernes en las sedes de ambas asociaciones, hasta el s\u00e1bado en la farmacia del paseo, la perfumer\u00eda Avenida o la p\u00e1gina web de Crono4sports, y en la taquilla una hora antes del espect\u00e1culo.Antes de terminar, Escriv\u00e0 ha agradecido el apoyo del Ayuntamiento y ha invitado a todo el mundo a asistir a este &#8220;maravilloso y espectacular evento&#8221;.En este sentido, el pasado martes Comarcal TV ya anunci\u00f3 la celebraci\u00f3n de esta gala ben\u00e9fica en una entrevista completa a la carta.<\/p>\n\n\n\n<figure class=\"wp-block-embed is-type-video is-provider-youtube wp-block-embed-youtube wp-embed-aspect-16-9 wp-has-aspect-ratio\"><div class=\"wp-block-embed__wrapper\">\n<iframe title=\"COMARCAL SOLIDARIA | 2024 01 30\" width=\"640\" height=\"360\" src=\"https:\/\/www.youtube.com\/embed\/izJP0Fw7FUA?feature=oembed\" frameborder=\"0\" allow=\"accelerometer; autoplay; clipboard-write; encrypted-media; gyroscope; picture-in-picture; web-share\" referrerpolicy=\"strict-origin-when-cross-origin\" allowfullscreen><\/iframe>\n<\/div><\/figure>\n\n\n\n<p><\/p>\n\n\n\n<figure class=\"wp-block-video\"><\/figure>\n","protected":false},"excerpt":{"rendered":"<p>El Teatro Serrano acoger\u00e1 este domingo la gala ben\u00e9fica &#8216;Alza tu voz&#8217;<\/p>\n","protected":false},"author":1,"featured_media":2681,"comment_status":"open","ping_status":"open","sticky":false,"template":"","format":"standard","meta":{"footnotes":""},"categories":[1,27],"tags":[],"class_list":["post-2685","post","type-post","status-publish","format-standard","has-post-thumbnail","hentry","category-actualidad","category-sociedad"],"_links":{"self":[{"href":"https:\/\/infogandia.es\/index.php\/wp-json\/wp\/v2\/posts\/2685","targetHints":{"allow":["GET"]}}],"collection":[{"href":"https:\/\/infogandia.es\/index.php\/wp-json\/wp\/v2\/posts"}],"about":[{"href":"https:\/\/infogandia.es\/index.php\/wp-json\/wp\/v2\/types\/post"}],"author":[{"embeddable":true,"href":"https:\/\/infogandia.es\/index.php\/wp-json\/wp\/v2\/users\/1"}],"replies":[{"embeddable":true,"href":"https:\/\/infogandia.es\/index.php\/wp-json\/wp\/v2\/comments?post=2685"}],"version-history":[{"count":1,"href":"https:\/\/infogandia.es\/index.php\/wp-json\/wp\/v2\/posts\/2685\/revisions"}],"predecessor-version":[{"id":2686,"href":"https:\/\/infogandia.es\/index.php\/wp-json\/wp\/v2\/posts\/2685\/revisions\/2686"}],"wp:featuredmedia":[{"embeddable":true,"href":"https:\/\/infogandia.es\/index.php\/wp-json\/wp\/v2\/media\/2681"}],"wp:attachment":[{"href":"https:\/\/infogandia.es\/index.php\/wp-json\/wp\/v2\/media?parent=2685"}],"wp:term":[{"taxonomy":"category","embeddable":true,"href":"https:\/\/infogandia.es\/index.php\/wp-json\/wp\/v2\/categories?post=2685"},{"taxonomy":"post_tag","embeddable":true,"href":"https:\/\/infogandia.es\/index.php\/wp-json\/wp\/v2\/tags?post=2685"}],"curies":[{"name":"wp","href":"https:\/\/api.w.org\/{rel}","templated":true}]}}