{"id":2700,"date":"2024-02-03T18:23:22","date_gmt":"2024-02-03T18:23:22","guid":{"rendered":"https:\/\/infogandia.es\/?p=2700"},"modified":"2024-02-03T18:23:23","modified_gmt":"2024-02-03T18:23:23","slug":"stepv-celebra-la-escuela-sindical-entre-el-2-y-el-4-de-febrero-en-gandia","status":"publish","type":"post","link":"https:\/\/infogandia.es\/index.php\/2024\/02\/03\/stepv-celebra-la-escuela-sindical-entre-el-2-y-el-4-de-febrero-en-gandia\/","title":{"rendered":"STEPV celebra la Escuela Sindical entre el 2 y el 4 de febrero en Gandia"},"content":{"rendered":"\n<p>Con el lema &#8220;Somos y seremos la voz de la ense\u00f1anza&#8221; STEPV, el sindicato mayoritario del sector educativo, celebra una escuela sindical en Gand\u00eda entre el 2 y el 4 de febrero. El programa de la escuela cuenta con diversas charlas, mesas redondas y talleres con el objetivo de configurar la actividad del sindicato en el nuevo contexto pol\u00edtico valenciano y estatal.<br>La escuela sindical se inaugurar\u00e1 el viernes 2 de febrero a las 18:00. El plato fuerte de la jornada ser\u00e1 un an\u00e1lisis de la situaci\u00f3n pol\u00edtica actual y una exposici\u00f3n de los ejes de intervenci\u00f3n sindical. El s\u00e1bado se abordar\u00e1n cuestiones organizativas del sindicato. Por la ma\u00f1ana tendr\u00e1 lugar una ponencia al volante del papel del asamblearismo y por la tarde un taller sobre los estatutos y el c\u00f3digo \u00e9tico. Las actividades finalizar\u00e1n el domingo con un par de formaciones sobre comunicaci\u00f3n sindical.<br>La escuela sindical tendr\u00e1 lugar en el Hotel Bayr\u00e9n de la playa de Gandia\u00a0(La\u00a0Safor)<\/p>\n","protected":false},"excerpt":{"rendered":"<p>STEPV celebra la Escuela Sindical entre el 2 y el 4 de febrero en Gandia.<\/p>\n","protected":false},"author":1,"featured_media":2701,"comment_status":"open","ping_status":"open","sticky":false,"template":"","format":"standard","meta":{"footnotes":""},"categories":[1],"tags":[],"class_list":["post-2700","post","type-post","status-publish","format-standard","has-post-thumbnail","hentry","category-actualidad"],"_links":{"self":[{"href":"https:\/\/infogandia.es\/index.php\/wp-json\/wp\/v2\/posts\/2700","targetHints":{"allow":["GET"]}}],"collection":[{"href":"https:\/\/infogandia.es\/index.php\/wp-json\/wp\/v2\/posts"}],"about":[{"href":"https:\/\/infogandia.es\/index.php\/wp-json\/wp\/v2\/types\/post"}],"author":[{"embeddable":true,"href":"https:\/\/infogandia.es\/index.php\/wp-json\/wp\/v2\/users\/1"}],"replies":[{"embeddable":true,"href":"https:\/\/infogandia.es\/index.php\/wp-json\/wp\/v2\/comments?post=2700"}],"version-history":[{"count":1,"href":"https:\/\/infogandia.es\/index.php\/wp-json\/wp\/v2\/posts\/2700\/revisions"}],"predecessor-version":[{"id":2709,"href":"https:\/\/infogandia.es\/index.php\/wp-json\/wp\/v2\/posts\/2700\/revisions\/2709"}],"wp:featuredmedia":[{"embeddable":true,"href":"https:\/\/infogandia.es\/index.php\/wp-json\/wp\/v2\/media\/2701"}],"wp:attachment":[{"href":"https:\/\/infogandia.es\/index.php\/wp-json\/wp\/v2\/media?parent=2700"}],"wp:term":[{"taxonomy":"category","embeddable":true,"href":"https:\/\/infogandia.es\/index.php\/wp-json\/wp\/v2\/categories?post=2700"},{"taxonomy":"post_tag","embeddable":true,"href":"https:\/\/infogandia.es\/index.php\/wp-json\/wp\/v2\/tags?post=2700"}],"curies":[{"name":"wp","href":"https:\/\/api.w.org\/{rel}","templated":true}]}}