{"id":2711,"date":"2024-02-03T18:24:00","date_gmt":"2024-02-03T18:24:00","guid":{"rendered":"https:\/\/infogandia.es\/?p=2711"},"modified":"2024-02-03T18:24:01","modified_gmt":"2024-02-03T18:24:01","slug":"una-nueva-edicion-de-espai-vital-aterrizara-cada-sabado-en-el-centro-comercial-la-vital","status":"publish","type":"post","link":"https:\/\/infogandia.es\/index.php\/2024\/02\/03\/una-nueva-edicion-de-espai-vital-aterrizara-cada-sabado-en-el-centro-comercial-la-vital\/","title":{"rendered":"Una nueva edici\u00f3n de Espai Vital aterrizar\u00e1 cada s\u00e1bado en el Centro Comercial La Vital"},"content":{"rendered":"\n<p>El centro comercial La Vital, propiedad de MERLIN Properties, anuncia el esperado retorno de Espai Vital, un espacio de entretenimiento familiar que, como en anteriores ediciones, promete cautivar a grandes y peque\u00f1os. Las familias tendr\u00e1n la oportunidad \u00fanica de disfrutar de los mejores espect\u00e1culos en vivo cada s\u00e1bado a las 18 horas, a partir del 3 de febrero, y hasta el 8 de junio, en la primera edici\u00f3n de 2024.<br>Espai Vital Tiene previsto su lanzamiento para este s\u00e1bado 03 de febrero, con un emotivo concierto de pel\u00edculas infantiles, una producci\u00f3n que deleitar\u00e1 a espectadores de todas las edades para hacerles un recorrido por las canciones de pel\u00edculas infantiles de todos los tiempos. Este aclamado concierto ser\u00e1 solo el comienzo de una serie de espect\u00e1culos fascinantes que se dar\u00e1n cita cada semana en La Vital.<br>Este nuevo periodo de Espai Vital se presenta con una propuesta diversa y emocionante, que abarca una amplia variedad de actuaciones para satisfacer todos los gustos. Desde musicales y conciertos hasta espect\u00e1culos de magia, marionetas, circo, cuentacuentos, teatro, pasacalles m\u00e1gicos, pequediscos y muchas sorpresas m\u00e1s.<br>El Centro Comercial La Vital contin\u00faa su apuesta por ofrecer a los visitantes una experiencia diversa y completa, con propuestas atractivas y actuales, que fomenten la uni\u00f3n familiar y el disfrute de momentos especiales.<br>Para obtener m\u00e1s informaci\u00f3n sobre Espai Vital y los espect\u00e1culos programados, visite nuestro sitio web y\u00a0redes\u00a0sociales.<\/p>\n","protected":false},"excerpt":{"rendered":"<p>Una nueva edici\u00f3n de Espai Vital aterrizar\u00e1 cada s\u00e1bado en el Centro Comercial La Vital.<\/p>\n","protected":false},"author":1,"featured_media":2702,"comment_status":"open","ping_status":"open","sticky":false,"template":"","format":"standard","meta":{"footnotes":""},"categories":[1],"tags":[],"class_list":["post-2711","post","type-post","status-publish","format-standard","has-post-thumbnail","hentry","category-actualidad"],"_links":{"self":[{"href":"https:\/\/infogandia.es\/index.php\/wp-json\/wp\/v2\/posts\/2711","targetHints":{"allow":["GET"]}}],"collection":[{"href":"https:\/\/infogandia.es\/index.php\/wp-json\/wp\/v2\/posts"}],"about":[{"href":"https:\/\/infogandia.es\/index.php\/wp-json\/wp\/v2\/types\/post"}],"author":[{"embeddable":true,"href":"https:\/\/infogandia.es\/index.php\/wp-json\/wp\/v2\/users\/1"}],"replies":[{"embeddable":true,"href":"https:\/\/infogandia.es\/index.php\/wp-json\/wp\/v2\/comments?post=2711"}],"version-history":[{"count":1,"href":"https:\/\/infogandia.es\/index.php\/wp-json\/wp\/v2\/posts\/2711\/revisions"}],"predecessor-version":[{"id":2712,"href":"https:\/\/infogandia.es\/index.php\/wp-json\/wp\/v2\/posts\/2711\/revisions\/2712"}],"wp:featuredmedia":[{"embeddable":true,"href":"https:\/\/infogandia.es\/index.php\/wp-json\/wp\/v2\/media\/2702"}],"wp:attachment":[{"href":"https:\/\/infogandia.es\/index.php\/wp-json\/wp\/v2\/media?parent=2711"}],"wp:term":[{"taxonomy":"category","embeddable":true,"href":"https:\/\/infogandia.es\/index.php\/wp-json\/wp\/v2\/categories?post=2711"},{"taxonomy":"post_tag","embeddable":true,"href":"https:\/\/infogandia.es\/index.php\/wp-json\/wp\/v2\/tags?post=2711"}],"curies":[{"name":"wp","href":"https:\/\/api.w.org\/{rel}","templated":true}]}}