{"id":2717,"date":"2024-02-03T18:27:03","date_gmt":"2024-02-03T18:27:03","guid":{"rendered":"https:\/\/infogandia.es\/?p=2717"},"modified":"2024-02-03T18:27:04","modified_gmt":"2024-02-03T18:27:04","slug":"el-pp-de-gandia-denuncia-que-las-obras-de-la-capilla-de-la-asuncion-esta-paralizada-a-pesar-de-las-promesas-de-prieto-e-izquierdo","status":"publish","type":"post","link":"https:\/\/infogandia.es\/index.php\/2024\/02\/03\/el-pp-de-gandia-denuncia-que-las-obras-de-la-capilla-de-la-asuncion-esta-paralizada-a-pesar-de-las-promesas-de-prieto-e-izquierdo\/","title":{"rendered":"El PP de Gandia denuncia que las obras de la Capilla de la Asunci\u00f3n est\u00e1 paralizada a pesar de las promesas de Prieto e Izquierdo"},"content":{"rendered":"\n<p>Las obras de restauraci\u00f3n de la Capilla de la Asunci\u00f3n no han arrancando, al menos, eso asegura el PP de Gandia. El Grupo Municipal del Partido Popular de Gandia vuelve a evidenciar las mentiras del gobierno del PSPV y Comprom\u00eds. En esta ocasi\u00f3n con motivo de las obras de la Capilla de la Asunci\u00f3n, que tendr\u00edan que haber arrancado hace 15 d\u00edas.<\/p>\n\n\n\n<p>Desde el grupo lamentan la falta de previsi\u00f3n del PSPV y Comprom\u00eds de Gandia, \u00abque mienten sin ning\u00fan pudor\u00bb, pensando en que nadie se da cuenta: \u00abPues el Partido Popular s\u00ed, y cada vez m\u00e1s. Los vamos a vigilar m\u00e1s que nunca\u00bb. \u00abYa que hace m\u00e1s de quince d\u00edas que se deber\u00eda haber empezado las obras de restauraci\u00f3n de la Capilla de la Asunci\u00f3n\u00bb, ha indicado la edil del PP Mar Beltr\u00e1n.<\/p>\n\n\n\n<p>En el pasado pleno ordinario municipal del 18 de enero, la concejal de Patrimonio, Alicia Izquierdo, confirm\u00f3 que se estaban realizando los trabajos de limpieza, desescombrado e instalaci\u00f3n del andamiaje para su restauraci\u00f3n, hoy quince d\u00edas despu\u00e9s sigue igual como estaba, en un estado lamentable, con el agravante de las \u00faltimas lluvias, siguen deteriorando a\u00fan m\u00e1s su estado de conservaci\u00f3n.<\/p>\n\n\n\n<p>Es m\u00e1s, en Fitur, se prometi\u00f3 que arrancar\u00edan tambi\u00e9n el pasado lunes 29 de enero y en la capilla no hay actividad alguna. la Capilla de la Asunci\u00f3n se trata de un templo construido a principios del S. XIX, de estilo neocl\u00e1sico catalogado como Bien de Relevancia Local (BRL) de una sola nave poseyendo en su momento, una bella c\u00fapula de estuco, que actualmente se encuentra desplomada.<\/p>\n\n\n\n<p>Para Beltr\u00e1n, \u00abCada d\u00eda que pasa es crucial y determinante, si no se interviene con suma urgencia ser\u00e1 una situaci\u00f3n lamentablemente irreparable y sumamente costosa de acometer\u00bb, a\u00f1adiendo, \u00abUna vez m\u00e1s, promesas incumplidas por parte del gobierno, ante el pleno municipal enga\u00f1ando a todos los ciudadanos gandienses\u00bb.<br>Una de las prioridades del Grupo Municipal Popular es la preservaci\u00f3n y conservaci\u00f3n del patrimonio hist\u00f3rico-art\u00edstico de la ciudad de Gandia y ante la situaci\u00f3n de abandono y ruina en el que sigue el edificio, no cabe otra alternativa que volver a denunciar la situaci\u00f3n y exigir encarecidamente que se inicien las obras de desescombro, limpieza y restauraci\u00f3n de esta.<\/p>\n\n\n\n<p>Una vez m\u00e1s la falta de previsi\u00f3n del gobierno de Prieto perjudica la ciudad, pero lo m\u00e1s grave es que esta vez sea directamente a nuestro Patrimonio Hist\u00f3rico, del que ellos alardean de querer cuidarlo y mantenerlo vivo.<br>Mar Beltr\u00e1n: \u00abSi no sabe o no puede gestionar todas las competencias que se le han asignado, d\u00e9jenos la preservaci\u00f3n y conservaci\u00f3n del patrimonio hist\u00f3rico-art\u00edstico al Grupo municipal del Partido Popular\u00bb, concluyendo, \u00abD\u00e9jenos que gestionemos con conocimiento, experiencia y eficacia el \u00e1rea de Patrimonio Cultural de nuestra ciudad, Se\u00f1ora Izquierdo. Gand\u00eda entera se&nbsp;lo&nbsp;agradecer\u00e1\u00bb.<\/p>\n","protected":false},"excerpt":{"rendered":"<p>El PP de Gandia denuncia que las obras de la Capilla de la Asunci\u00f3n est\u00e1 paralizada a pesar de las promesas de Prieto e Izquierdo.<\/p>\n","protected":false},"author":1,"featured_media":2705,"comment_status":"open","ping_status":"open","sticky":false,"template":"","format":"standard","meta":{"footnotes":""},"categories":[1,3],"tags":[],"class_list":["post-2717","post","type-post","status-publish","format-standard","has-post-thumbnail","hentry","category-actualidad","category-politica"],"_links":{"self":[{"href":"https:\/\/infogandia.es\/index.php\/wp-json\/wp\/v2\/posts\/2717","targetHints":{"allow":["GET"]}}],"collection":[{"href":"https:\/\/infogandia.es\/index.php\/wp-json\/wp\/v2\/posts"}],"about":[{"href":"https:\/\/infogandia.es\/index.php\/wp-json\/wp\/v2\/types\/post"}],"author":[{"embeddable":true,"href":"https:\/\/infogandia.es\/index.php\/wp-json\/wp\/v2\/users\/1"}],"replies":[{"embeddable":true,"href":"https:\/\/infogandia.es\/index.php\/wp-json\/wp\/v2\/comments?post=2717"}],"version-history":[{"count":1,"href":"https:\/\/infogandia.es\/index.php\/wp-json\/wp\/v2\/posts\/2717\/revisions"}],"predecessor-version":[{"id":2718,"href":"https:\/\/infogandia.es\/index.php\/wp-json\/wp\/v2\/posts\/2717\/revisions\/2718"}],"wp:featuredmedia":[{"embeddable":true,"href":"https:\/\/infogandia.es\/index.php\/wp-json\/wp\/v2\/media\/2705"}],"wp:attachment":[{"href":"https:\/\/infogandia.es\/index.php\/wp-json\/wp\/v2\/media?parent=2717"}],"wp:term":[{"taxonomy":"category","embeddable":true,"href":"https:\/\/infogandia.es\/index.php\/wp-json\/wp\/v2\/categories?post=2717"},{"taxonomy":"post_tag","embeddable":true,"href":"https:\/\/infogandia.es\/index.php\/wp-json\/wp\/v2\/tags?post=2717"}],"curies":[{"name":"wp","href":"https:\/\/api.w.org\/{rel}","templated":true}]}}