{"id":2719,"date":"2024-02-03T18:27:56","date_gmt":"2024-02-03T18:27:56","guid":{"rendered":"https:\/\/infogandia.es\/?p=2719"},"modified":"2024-02-03T18:27:56","modified_gmt":"2024-02-03T18:27:56","slug":"la-policia-local-de-gandia-celebra-su-150-aniversario-con-actividades-culturales-solidarias-y-deportivas","status":"publish","type":"post","link":"https:\/\/infogandia.es\/index.php\/2024\/02\/03\/la-policia-local-de-gandia-celebra-su-150-aniversario-con-actividades-culturales-solidarias-y-deportivas\/","title":{"rendered":"La Polic\u00eda Local de Gandia celebra su 150 aniversario con actividades culturales, solidarias y deportivas"},"content":{"rendered":"\n<p>El alcalde de Gand\u00eda, Jos\u00e9 Manuel Prieto; acompa\u00f1ado por la concejala delegada de Seguridad y Convivencia, Lydia Morant; y el comisario principal Jefe de la Polic\u00eda Local de Gand\u00eda, Jos\u00e9 Mart\u00ednez Espasa, compareci\u00f3 esta ma\u00f1ana en rueda de prensa para informar del calendario de actividades previsto para este a\u00f1o con motivo del 150 aniversario de la fundaci\u00f3n de la Polic\u00eda Local en la ciudad.<\/p>\n\n\n\n<p>Como introducci\u00f3n hist\u00f3rica se ha explicado que la creaci\u00f3n de la Polic\u00eda Local de Gandia fue el 13 de abril de 1874 bajo la denominaci\u00f3n de Guardia Municipal de Gandia, y que durante los a\u00f1os 1870-1874, en el Sexenio Democr\u00e1tico, cesaron las eventuales milicias liberales, activas desde 1820, y ciudades valencianas como Valencia, Gand\u00eda, Alzira o Denia las reemplazaron por cuerpos de polic\u00eda local surgidos de la ciudadan\u00eda.<\/p>\n\n\n\n<p>En el caso de Gandia, el primer cuerpo policial estaba formado por un cabo y cuatro guardias urbanos. Actualmente, la Polic\u00eda Local est\u00e1 compuesta por 153 efectivos y se espera que finalice la legislatura con 179 agentes.<\/p>\n\n\n\n<p>&#8220;Este cumplea\u00f1os es fruto de una gran obra colectiva, edificada a lo largo de todo este tiempo hasta convertirse en un cuerpo indispensable para el bienestar, la convivencia y la seguridad de Gandia&#8221;, ha afirmado Prieto quien ha a\u00f1adido que los hombres y mujeres que forman el cuerpo policial &#8220;siempre han querido hacer de Gandia una ciudad mejor, con esta vocaci\u00f3n de servicio p\u00fablico intacta con el paso de los a\u00f1os. Con este bagaje, hoy en d\u00eda es una de las instituciones m\u00e1s queridas y respetadas de la sociedad gandiense&#8221;.<\/p>\n\n\n\n<p>El alcalde tambi\u00e9n ha querido poner en valor la capacidad de adaptaci\u00f3n a los nuevos tiempos y el esfuerzo que se realiza por tener m\u00e1s efectivos que tengan m\u00e1s medios para afrontar los retos de futuro. En este sentido, ha remarcado la creaci\u00f3n de Cuerpos Espec\u00edficos como la Unidad Jazm\u00edn que lucha contra la violencia machista o programas como el de agente-tutor en los centros educativos.<\/p>\n\n\n\n<p>&#8220;Nuestra Polic\u00eda Local ha sabido crecer y evolucionar, asumiendo los retos que pide una ciudad din\u00e1mica, viva y activa como la nuestra, siempre en continuo cambio y evoluci\u00f3n. Una ciudad que valora su profesionalidad, la entrega con la que lleva a cabo la ciudad su trabajo y, ahora m\u00e1s que nunca, su proximidad&#8221; destac\u00f3 Prieto.<\/p>\n\n\n\n<p>Para finalizar su intervenci\u00f3n afirm\u00f3 que la polic\u00eda local de Gandia es actualmente &#8220;una instituci\u00f3n moderna, abierta y valorada por la ciudadan\u00eda. Siempre est\u00e1 presente en cada barrio, en cada acto, en los momentos m\u00e1s importantes y en los m\u00e1s dif\u00edciles como van ser el incendio de Marxuquera o la riada del 87&#8221;. &#8220;Su presencia en las calles, adem\u00e1s de necesaria y muy valorada, es garant\u00eda, en todo momento, de uno de los bienes mejor preciados de Gandia: la seguridad&#8221;.<\/p>\n\n\n\n<p>Por su parte, Espasa destac\u00f3 que los actos que se contemplan son actividades de car\u00e1cter solidario, de hermanamiento y de reconocimiento y puesta en valor de los profesionales que componen y han compuesto la Polic\u00eda Local de Gandia. Para la organizaci\u00f3n de las actividades, se ha creado una comisi\u00f3n en la que puede participar cualquier agente.<\/p>\n\n\n\n<p>En cuanto al calendario previsto, el comisario ha explicado que en el mes de febrero se organizar\u00e1 un partido de f\u00fatbol solidario en el que participar\u00e1n tanto los agentes de la Polic\u00eda Local como los de otros municipios, adem\u00e1s de efectivos de los bomberos y la Polic\u00eda Nacional.<\/p>\n\n\n\n<p>Ya en abril, se prev\u00e9 la celebraci\u00f3n de un plenario extraordinario donde se reproduzca la sesi\u00f3n que cre\u00f3 la Guardia Municipal de Gandia el 13 de abril de 1874. En mayo la Asociaci\u00f3n ACUDE-PLG organizar\u00e1 actos de hermandad y por en el D\u00eda Mundial de los Donantes de Sangre se ha organizado una donaci\u00f3n a la Central de la Polic\u00eda Local.<\/p>\n\n\n\n<p>De cara a junio, los ni\u00f1os y ni\u00f1as de los centros escolares de Gandia podr\u00e1n visitar las instalaciones de la Central.<br>El comisario tambi\u00e9n ha querido destacar el acto institucional en el D\u00eda de la Polic\u00eda Local de Gandia el 17 de octubre o la presentaci\u00f3n del libro &#8216;Historia de la Polic\u00eda Local de Gandia&#8217;, escrito por Abel Soler prevista para el mes de noviembre.<\/p>\n\n\n\n<p>Para finalizar, Morant ha destacado el trabajo que desarrollan d\u00eda a d\u00eda los agentes. &#8220;Cada d\u00eda contamos con personal mejor formado, mayor capacidad, y con unidades que aprovechan las \u00faltimas tecnolog\u00edas&#8221;. En este punto, el edil ha reafirmado el compromiso del ejecutivo para continuar dotando a los agentes de las herramientas necesarias y ampliando la plantilla.<\/p>\n\n\n\n<p>&#8220;Gracias a la Polic\u00eda Local de Gandia y la estrecha colaboraci\u00f3n con otros cuerpos y fuerzas de seguridad, somos una de las ciudades m\u00e1s seguras de la Comunidad Valenciana con tasas de criminalidad por debajo de la media&#8221;, finaliz\u00f3.<\/p>\n","protected":false},"excerpt":{"rendered":"<p>La Polic\u00eda Local de Gandia celebra su 150 aniversario con actividades culturales, solidarias y deportivas.<\/p>\n","protected":false},"author":1,"featured_media":2706,"comment_status":"open","ping_status":"open","sticky":false,"template":"","format":"standard","meta":{"footnotes":""},"categories":[1,4],"tags":[],"class_list":["post-2719","post","type-post","status-publish","format-standard","has-post-thumbnail","hentry","category-actualidad","category-deporte"],"_links":{"self":[{"href":"https:\/\/infogandia.es\/index.php\/wp-json\/wp\/v2\/posts\/2719","targetHints":{"allow":["GET"]}}],"collection":[{"href":"https:\/\/infogandia.es\/index.php\/wp-json\/wp\/v2\/posts"}],"about":[{"href":"https:\/\/infogandia.es\/index.php\/wp-json\/wp\/v2\/types\/post"}],"author":[{"embeddable":true,"href":"https:\/\/infogandia.es\/index.php\/wp-json\/wp\/v2\/users\/1"}],"replies":[{"embeddable":true,"href":"https:\/\/infogandia.es\/index.php\/wp-json\/wp\/v2\/comments?post=2719"}],"version-history":[{"count":1,"href":"https:\/\/infogandia.es\/index.php\/wp-json\/wp\/v2\/posts\/2719\/revisions"}],"predecessor-version":[{"id":2720,"href":"https:\/\/infogandia.es\/index.php\/wp-json\/wp\/v2\/posts\/2719\/revisions\/2720"}],"wp:featuredmedia":[{"embeddable":true,"href":"https:\/\/infogandia.es\/index.php\/wp-json\/wp\/v2\/media\/2706"}],"wp:attachment":[{"href":"https:\/\/infogandia.es\/index.php\/wp-json\/wp\/v2\/media?parent=2719"}],"wp:term":[{"taxonomy":"category","embeddable":true,"href":"https:\/\/infogandia.es\/index.php\/wp-json\/wp\/v2\/categories?post=2719"},{"taxonomy":"post_tag","embeddable":true,"href":"https:\/\/infogandia.es\/index.php\/wp-json\/wp\/v2\/tags?post=2719"}],"curies":[{"name":"wp","href":"https:\/\/api.w.org\/{rel}","templated":true}]}}