{"id":2721,"date":"2024-02-03T18:28:36","date_gmt":"2024-02-03T18:28:36","guid":{"rendered":"https:\/\/infogandia.es\/?p=2721"},"modified":"2024-02-03T18:28:54","modified_gmt":"2024-02-03T18:28:54","slug":"las-fallas-de-gandia-amplian-actividades-para-celebrar-el-nombramiento-como-fiestas-interes-turistico-nacional","status":"publish","type":"post","link":"https:\/\/infogandia.es\/index.php\/2024\/02\/03\/las-fallas-de-gandia-amplian-actividades-para-celebrar-el-nombramiento-como-fiestas-interes-turistico-nacional\/","title":{"rendered":"Las Fallas de Gandia ampl\u00edan actividades para celebrar el nombramiento como Fiestas Inter\u00e9s Tur\u00edstico Nacional"},"content":{"rendered":"\n<p>Las Fallas de Gandia ampl\u00edan actividades para celebrar el nombramiento como Fiestas Inter\u00e9s Tur\u00edstico Nacional.El concejal delegado de las Fallas de Gand\u00eda, Adri\u00e1n Vila, y el presidente de la Federaci\u00f3n de Fallas, Telmo Gadea, anunciaron hoy las novedades que habr\u00e1 este a\u00f1o en el calendario de actividades con motivo del nombramiento de la celebraci\u00f3n josefina como Fiesta de Inter\u00e9s Tur\u00edstico Nacional.<\/p>\n\n\n\n<p>La primera tendr\u00e1 lugar ma\u00f1ana, s\u00e1bado 3 de febrero, con la Crida. Durante los minutos previos que las Falleras Mayores del municipio entran en la plaza Mayor, habr\u00e1 un espect\u00e1culo de luz y sonido que entretendr\u00e1 al p\u00fablico hasta que arranquen los discursos. Tambi\u00e9n est\u00e1 previsto un espect\u00e1culo pirot\u00e9cnico.<\/p>\n\n\n\n<p>El presidente de la Federaci\u00f3n ha explicado que &#8220;una vez superada la pandemia, hemos apostado por volver a esta l\u00ednea que empezamos hace siete a\u00f1os con la proyecci\u00f3n de un videomapping como preludio a la llamada&#8221;. Adem\u00e1s, a\u00f1adi\u00f3 que, esta vez, ser\u00e1 un espect\u00e1culo el que har\u00e1 que la plaza est\u00e9 ambientada &#8220;desde que llegue la primera comisi\u00f3n, hasta que comience el acto central&#8221;.<\/p>\n\n\n\n<p>Otra de las propuestas pasa por una ceremonia, a\u00fan sin fecha, en la que se rendir\u00e1 homenaje a los falleros m\u00e1s veteranos de las comisiones gandienses. Como ha mencionado el concejal, tambi\u00e9n se a\u00f1adir\u00e1 una masclet\u00e1 a las que ya tienen lugar en la actualidad. \u00c9sta ser\u00e1 el viernes 15 de marzo en el parque de la Estaci\u00f3n.<\/p>\n\n\n\n<p>&#8220;Con estas iniciativas, hemos querido recuperar una de las propuestas que se llevaron a cabo cuando entr\u00e9 como presidente: reforzar los actos tradicionales&#8221;, ha se\u00f1alado Gadea. Por \u00faltimo, Vila ha destacado la creaci\u00f3n de un nuevo logotipo que la Federaci\u00f3n ha preparado especialmente para &#8220;dar a conocer el reconocimiento y ponerlo en valor&#8221;.<\/p>\n\n\n\n<p>Por lo que se refiere a la organizaci\u00f3n general del programa festivo, el concejal ha recordado que el calendario seguir\u00e1 el 8 de febrero con la gala de cortometrajes falleros, el 16 de febrero con los premios del concurso de teatro Ligorio Ferrer, el 18 de febrero con la cabalgata, el 24 de febrero con la inauguraci\u00f3n de la exposici\u00f3n del Ninot y el 2 de marzo con los premios literarios.<\/p>\n\n\n\n<p>A partir del 8 de marzo, las calles de la ciudad empezar\u00e1n a decorarse y, el d\u00eda 9, las diferentes comisiones podr\u00e1n sacar las piezas de los monumentos siempre que no se produzcan afecciones al tr\u00e1fico. No ser\u00e1 hasta el d\u00eda 12 de marzo cuando empiecen las &#8216;plantaes&#8217; de aquellas comisiones que s\u00ed provocan afecciones a la movilidad.<\/p>\n\n\n\n<p>En cuanto a los eventos con ambientaci\u00f3n musical, Vila ha explicado que las fallas tendr\u00e1n permiso para llevarlos a cabo durante la tarde y la noche del 9 de marzo, siempre que no sea m\u00e1s tarde de las 4 de la ma\u00f1ana, y por la tarde del 10 de marzo.<\/p>\n\n\n\n<p>Por su parte, el d\u00eda 15, y en lo que el edil ha definido como &#8220;un claro gesto de apostar por la convivencia&#8221;, no podr\u00e1 haber verbenas, mientras que los d\u00edas centrales de la fiesta, 16, 17 y 18 de marzo, \u00e9stas podr\u00e1n alargarse hasta las 4:30 de la ma\u00f1ana (las 2 horas en el caso del conocido como Dia Bobo).<\/p>\n\n\n\n<p>Adem\u00e1s, ha mencionado que, de nuevo, el Ayuntamiento organizar\u00e1 diversas actuaciones en el parque de la Festa los d\u00edas 15, 16 y 17 de marzo para continuar con el proceso de apertura de las fiestas a todos los p\u00fablicos.<\/p>\n\n\n\n<p>Por \u00faltimo, el presidente afirm\u00f3 que el nombramiento de las Fallas de Gandia como Fiesta de Inter\u00e9s Tur\u00edstico Nacional no es &#8216;una casualidad&#8217;, dado que son pocas las ciudades que lo tienen, y a\u00f1adi\u00f3 que el compromiso de las fallas y de la concejal\u00eda que dirige Vila es abrir las fallas a todos aquellos que son falleros ya los miles de personas que nos visitan durante&nbsp;estos&nbsp;d\u00edas.<\/p>\n","protected":false},"excerpt":{"rendered":"<p>Las Fallas de Gandia ampl\u00edan actividades para celebrar el nombramiento como Fiestas Inter\u00e9s Tur\u00edstico Nacional.<\/p>\n","protected":false},"author":1,"featured_media":2707,"comment_status":"open","ping_status":"open","sticky":false,"template":"","format":"standard","meta":{"footnotes":""},"categories":[1],"tags":[],"class_list":["post-2721","post","type-post","status-publish","format-standard","has-post-thumbnail","hentry","category-actualidad"],"_links":{"self":[{"href":"https:\/\/infogandia.es\/index.php\/wp-json\/wp\/v2\/posts\/2721","targetHints":{"allow":["GET"]}}],"collection":[{"href":"https:\/\/infogandia.es\/index.php\/wp-json\/wp\/v2\/posts"}],"about":[{"href":"https:\/\/infogandia.es\/index.php\/wp-json\/wp\/v2\/types\/post"}],"author":[{"embeddable":true,"href":"https:\/\/infogandia.es\/index.php\/wp-json\/wp\/v2\/users\/1"}],"replies":[{"embeddable":true,"href":"https:\/\/infogandia.es\/index.php\/wp-json\/wp\/v2\/comments?post=2721"}],"version-history":[{"count":1,"href":"https:\/\/infogandia.es\/index.php\/wp-json\/wp\/v2\/posts\/2721\/revisions"}],"predecessor-version":[{"id":2722,"href":"https:\/\/infogandia.es\/index.php\/wp-json\/wp\/v2\/posts\/2721\/revisions\/2722"}],"wp:featuredmedia":[{"embeddable":true,"href":"https:\/\/infogandia.es\/index.php\/wp-json\/wp\/v2\/media\/2707"}],"wp:attachment":[{"href":"https:\/\/infogandia.es\/index.php\/wp-json\/wp\/v2\/media?parent=2721"}],"wp:term":[{"taxonomy":"category","embeddable":true,"href":"https:\/\/infogandia.es\/index.php\/wp-json\/wp\/v2\/categories?post=2721"},{"taxonomy":"post_tag","embeddable":true,"href":"https:\/\/infogandia.es\/index.php\/wp-json\/wp\/v2\/tags?post=2721"}],"curies":[{"name":"wp","href":"https:\/\/api.w.org\/{rel}","templated":true}]}}