{"id":2725,"date":"2024-02-03T18:30:57","date_gmt":"2024-02-03T18:30:57","guid":{"rendered":"https:\/\/infogandia.es\/?p=2725"},"modified":"2024-02-03T18:30:57","modified_gmt":"2024-02-03T18:30:57","slug":"readmitido-el-policia-local-que-pasaron-a-segunda-actividad-en-tavernes-de-la-valldigna","status":"publish","type":"post","link":"https:\/\/infogandia.es\/index.php\/2024\/02\/03\/readmitido-el-policia-local-que-pasaron-a-segunda-actividad-en-tavernes-de-la-valldigna\/","title":{"rendered":"Readmitido el polic\u00eda local que pasaron a segunda actividad en Tavernes de la Valldigna"},"content":{"rendered":"\n<p>Gin\u00e9s Ortega Ruiz, Jefe de la Polic\u00eda Local de Tavernes al que un concejal del Gobierno lo pas\u00f3 a segunda actividad sigue en el cargo dado que la alcaldesa, Lara Romero Giner lo ha readmitido y ha anulado los decretos firmados por el concejal de Juan Bautista Talens Felis.<\/p>\n\n\n\n<p>La alcaldesa de Tavernes de la Valldigna, Lara Romero Giner, ha revocado lo que su concejal y quinto teniente de alcalde hab\u00eda hecho que no era otra cosa que, de oficio y mediante decreto, pasar al jefe de la Polic\u00eda Local vallera a segunda actividad y nombrar de forma temporal y a partir de ayer al oficial Domingo Roig Mena al frente de la jefatura del cuerpo policial.<\/p>\n\n\n\n<p>Se da la circunstancia que, tal y se como public\u00f3 ayer, el cese del jefe policial se intent\u00f3 llevar con sigilo porque demuestra que algo est\u00e1 fallando cuando, primero, un teniente de alcalde cesa al jefe de polic\u00eda y la alcaldesa lo restituye y anula lo firmado por \u00e9ste desautoriz\u00e1ndolo y dos, que no se hiciera p\u00fablico ni declaraciones sobre lo ocurrido.<\/p>\n\n\n\n<p>As\u00ed las cosas, el 31 de enero aparec\u00eda un anuncio en el Bolet\u00edn Oficial de la Provincia de Val\u00e8ncia (BOPV) donde la alcaldesa revocaba puntualmente la delegaci\u00f3n atribuida al quinto teniente de alcalde en lo que respecta a la tramitaci\u00f3n de los dos expedientes, el de cese y segunda actividad, y el de nombramiento temporal.<\/p>\n","protected":false},"excerpt":{"rendered":"<p>Readmitido el polic\u00eda local que pasaron a segunda actividad en Tavernes de la Valldigna.<\/p>\n","protected":false},"author":1,"featured_media":2710,"comment_status":"open","ping_status":"open","sticky":false,"template":"","format":"standard","meta":{"footnotes":""},"categories":[1,3],"tags":[],"class_list":["post-2725","post","type-post","status-publish","format-standard","has-post-thumbnail","hentry","category-actualidad","category-politica"],"_links":{"self":[{"href":"https:\/\/infogandia.es\/index.php\/wp-json\/wp\/v2\/posts\/2725","targetHints":{"allow":["GET"]}}],"collection":[{"href":"https:\/\/infogandia.es\/index.php\/wp-json\/wp\/v2\/posts"}],"about":[{"href":"https:\/\/infogandia.es\/index.php\/wp-json\/wp\/v2\/types\/post"}],"author":[{"embeddable":true,"href":"https:\/\/infogandia.es\/index.php\/wp-json\/wp\/v2\/users\/1"}],"replies":[{"embeddable":true,"href":"https:\/\/infogandia.es\/index.php\/wp-json\/wp\/v2\/comments?post=2725"}],"version-history":[{"count":1,"href":"https:\/\/infogandia.es\/index.php\/wp-json\/wp\/v2\/posts\/2725\/revisions"}],"predecessor-version":[{"id":2726,"href":"https:\/\/infogandia.es\/index.php\/wp-json\/wp\/v2\/posts\/2725\/revisions\/2726"}],"wp:featuredmedia":[{"embeddable":true,"href":"https:\/\/infogandia.es\/index.php\/wp-json\/wp\/v2\/media\/2710"}],"wp:attachment":[{"href":"https:\/\/infogandia.es\/index.php\/wp-json\/wp\/v2\/media?parent=2725"}],"wp:term":[{"taxonomy":"category","embeddable":true,"href":"https:\/\/infogandia.es\/index.php\/wp-json\/wp\/v2\/categories?post=2725"},{"taxonomy":"post_tag","embeddable":true,"href":"https:\/\/infogandia.es\/index.php\/wp-json\/wp\/v2\/tags?post=2725"}],"curies":[{"name":"wp","href":"https:\/\/api.w.org\/{rel}","templated":true}]}}