{"id":2731,"date":"2024-02-05T09:20:07","date_gmt":"2024-02-05T09:20:07","guid":{"rendered":"https:\/\/infogandia.es\/?p=2731"},"modified":"2024-02-05T09:20:07","modified_gmt":"2024-02-05T09:20:07","slug":"el-arzobispo-de-valencia-nombrado-pregonero-de-la-semana-santa-de-gandia-2024","status":"publish","type":"post","link":"https:\/\/infogandia.es\/index.php\/2024\/02\/05\/el-arzobispo-de-valencia-nombrado-pregonero-de-la-semana-santa-de-gandia-2024\/","title":{"rendered":"El Arzobispo de Valencia, nombrado pregonero de la Semana Santa de Gandia 2024"},"content":{"rendered":"\n<p>En la celebraci\u00f3n del Domingo de Ramos de 2023 el Arzobispo de Valencia afirm\u00f3 que \u201ctodos los acontecimientos de la Pasi\u00f3n nos muestran la coherencia del Se\u00f1or, que muri\u00f3 tal como hab\u00eda vivido. No se resisti\u00f3, no se ech\u00f3 atr\u00e1s, as\u00ed afronta el Se\u00f1or su Pasi\u00f3n, muri\u00f3 con la misma coherencia con la que hab\u00eda vivido. Todo el camino est\u00e1 marcado por la oposici\u00f3n, desde el primer momento era consciente de que pod\u00eda sufrir una muerte violenta y no dej\u00f3 de actuar someti\u00e9ndose a la voluntad de Dios, sin cambiar su manera de hablar y actuar.\u201d<\/p>\n\n\n\n<p>Un nombramiento que se fragu\u00f3 en marzo del pasado a\u00f1o en una visita de la Junta Directiva de la Semana Santa de Gandia al Arzobispado de Valencia tras el nombramiento Excmo. y Rvdmo. Sr. D. Enrique Benavent Vidal como nuevo Arzobispo de Valencia.<\/p>\n\n\n\n<p>Para Emili Ripoll, presidente de la Semana Santa de Gandia, el nombramiento del Excmo. y Rvdmo. Sr. D. Enrique Benavent Vidal como pregonero de la Semana Santa de Gandia \u201ces una noticia excepcional para todos los cofrades de Gandia. Tiene un enorme valor para todos nosotros que el Arzobispo de Valencia pronuncie, desde su llegada a la Di\u00f3cesis, su primer preg\u00f3n en la ciudad de Gandia\u201d a lo que ha a\u00f1adido que \u201cel Arzobispo de Valencia reconoci\u00f3 en la visita que realizamos el pasado a\u00f1o ser un ferviente lector de la Revista Passio que le era remitida siendo Obispo de Tortosa\u201d.<\/p>\n\n\n\n<p>El preg\u00f3n de la Semana Santa de Gandia 2024 tendr\u00e1 lugar el pr\u00f3ximo 10 de marzo a las 12:30h en la Iglesia de las Escuelas P\u00edas tras la celebraci\u00f3n de la tradicional tamborrada con la que se anuncia la llegada de la&nbsp;Semana&nbsp;Santa.<\/p>\n","protected":false},"excerpt":{"rendered":"<p>El Arzobispo de Valencia, nombrado pregonero de la Semana Santa de Gandia 2024. <\/p>\n","protected":false},"author":1,"featured_media":2732,"comment_status":"open","ping_status":"open","sticky":false,"template":"","format":"standard","meta":{"footnotes":""},"categories":[1,27],"tags":[],"class_list":["post-2731","post","type-post","status-publish","format-standard","has-post-thumbnail","hentry","category-actualidad","category-sociedad"],"_links":{"self":[{"href":"https:\/\/infogandia.es\/index.php\/wp-json\/wp\/v2\/posts\/2731","targetHints":{"allow":["GET"]}}],"collection":[{"href":"https:\/\/infogandia.es\/index.php\/wp-json\/wp\/v2\/posts"}],"about":[{"href":"https:\/\/infogandia.es\/index.php\/wp-json\/wp\/v2\/types\/post"}],"author":[{"embeddable":true,"href":"https:\/\/infogandia.es\/index.php\/wp-json\/wp\/v2\/users\/1"}],"replies":[{"embeddable":true,"href":"https:\/\/infogandia.es\/index.php\/wp-json\/wp\/v2\/comments?post=2731"}],"version-history":[{"count":1,"href":"https:\/\/infogandia.es\/index.php\/wp-json\/wp\/v2\/posts\/2731\/revisions"}],"predecessor-version":[{"id":2733,"href":"https:\/\/infogandia.es\/index.php\/wp-json\/wp\/v2\/posts\/2731\/revisions\/2733"}],"wp:featuredmedia":[{"embeddable":true,"href":"https:\/\/infogandia.es\/index.php\/wp-json\/wp\/v2\/media\/2732"}],"wp:attachment":[{"href":"https:\/\/infogandia.es\/index.php\/wp-json\/wp\/v2\/media?parent=2731"}],"wp:term":[{"taxonomy":"category","embeddable":true,"href":"https:\/\/infogandia.es\/index.php\/wp-json\/wp\/v2\/categories?post=2731"},{"taxonomy":"post_tag","embeddable":true,"href":"https:\/\/infogandia.es\/index.php\/wp-json\/wp\/v2\/tags?post=2731"}],"curies":[{"name":"wp","href":"https:\/\/api.w.org\/{rel}","templated":true}]}}