{"id":2768,"date":"2024-02-07T17:00:11","date_gmt":"2024-02-07T17:00:11","guid":{"rendered":"https:\/\/infogandia.es\/?p=2768"},"modified":"2024-02-07T17:00:11","modified_gmt":"2024-02-07T17:00:11","slug":"el-pp-de-gandia-denuncia-el-servicio-precario-del-transporte-publico-urbano-gandia-marenys-venecia","status":"publish","type":"post","link":"https:\/\/infogandia.es\/index.php\/2024\/02\/07\/el-pp-de-gandia-denuncia-el-servicio-precario-del-transporte-publico-urbano-gandia-marenys-venecia\/","title":{"rendered":"El PP de Gandia denuncia el servicio \u201cprecario\u201d del transporte p\u00fablico urbano Gandia-Marenys-Ven\u00e8cia"},"content":{"rendered":"\n<p>El PP de Gandia ha denunciado hoy en rueda de prensa la situaci\u00f3n precaria y extrema en la que se encuentra el servicio p\u00fablico de transporte en la ciudad, que califican de &#8221;abandonado y sin previsiones de cambio por parte del Gobierno local de Prieto&#8221;.<\/p>\n\n\n\n<p>El coportavoz David Ronda Cardona ha recordado que &#8221;la concesi\u00f3n del servicio est\u00e1 m\u00e1s que extinguida, siendo necesario una nueva licitaci\u00f3n, ya que desde el a\u00f1o 2020 se deber\u00eda haber renovado y licitado la nueva concesi\u00f3n del servicio, por lo que cuatro a\u00f1os despu\u00e9s ha visto la luz la nueva licitaci\u00f3n para el a\u00f1o 2025&#8221;.<\/p>\n\n\n\n<p>As\u00ed las cosas, para los Populares de Gandia \u201cel transporte p\u00fablico de la ciudad sigue siendo la asignatura suspendida del gobierno local, el servicio sigue siendo precario para los cientos de usuarios diarios de la ciudad\u201d, a\u00f1adiendo que \u201chace cinco meses el concejal de movilidad anunciaba una gran transformaci\u00f3n del transporte p\u00fablico y que habr\u00eda una comisi\u00f3n de trabajo que no existe y que contar\u00eda con distintos representantes pol\u00edticos como de sociedad civil, pero todo sigue igual sin cambio alguno y a la vista del a\u00f1o 2025\u201d.<\/p>\n\n\n\n<p>Desde el PP han manifestado su preocupaci\u00f3n a que se tenga que esperar un a\u00f1o &#8221;para poder tener un nuevo servicio de calidad y garantizado para los gandienses, ya que el actual se queda lejos de darlo, los usuarios siguen viviendo a diario los retrasos del urbanet, as\u00ed como el solo contar con un bus para una ciudad como es Gandia&#8221;.<\/p>\n\n\n\n<p>Tras estos \u00faltimos cinco meses en los que el PP de Gandia dice haber &#8221;estado esperando ver alguna mejora del servicio, se sigue viendo como las diferentes paradas no tienen ning\u00fan mantenimiento y se\u00f1alizaci\u00f3n, as\u00ed como de los recorridos en el n\u00facleo urbano, ya que hay paradas que no existen&#8221;.<\/p>\n\n\n\n<p>Ronda Cardona ha dicho que desde el Pp se quiere \u201cun mantenimiento de las paradas del Urbanet en la ciudad, todas ellas presentan una imagen descuidada con falta de mantenimiento y conservado rutinario, los usuarios y ciudadanos no tienen por qu\u00e9 pagar los platos rotos del gobierno con la concesionaria del servicio, todos ellos pagan sus bonos mensuales por un buen servicio\u201d.<\/p>\n\n\n\n<p>Y han denunciado lo que es un secreto a voces para la movilidad del siglo XXI que es que barriadas como Marenys de Rafalcaid o Ven\u00e8cia &#8221;siguen teniendo solamente el servicio desde las ocho de la ma\u00f1ana hasta las cinco de la tarde y se desplaza cada dos horas, es decir, \u00fanicamente cinco veces al d\u00eda, limitando a los vecinos a tener que organizarse las salidas del autob\u00fas, as\u00ed como Marxuquera, que cuenta con solo dos salidas al d\u00eda.<\/p>\n\n\n\n<p>Por \u00faltimo, Ronda ha dicho que \u201cvolvemos a incidir en el servicio de transporte p\u00fablico de la ciudad porque no se est\u00e1 queriendo poner una soluci\u00f3n al problema, miran a hacia otro lado, perjudicando a los ciudadanos\u201d, a\u00f1adiendo \u201ccomo soluci\u00f3n alternativa se podr\u00edan realizar ajustes en las rutas, un aumento de frecuencias en horarios cr\u00edticos y mejoras en el mantenimiento de los veh\u00edculos, as\u00ed como de las paradas\u201d.<\/p>\n\n\n\n<p>Los populares han concluido con la necesidad de contar con un recorrido directo a los Centros de Salud as\u00ed como al Hospital, debe haber un servicio directo sin esperas.<\/p>\n\n\n\n<p>El Gobierno contesta que Gandia ya ha iniciado el proceso de licitaci\u00f3n del nuevo transporte p\u00fablico<br>En respuesta a la rueda de prensa del regidor del PP, David Ronda, el edil de Movilidad y Tr\u00e1fico, Vicent Mascarell, ha recordado que el Gobierno ya ha iniciado el proceso de licitaci\u00f3n del nuevo transporte p\u00fablico de Gandia.<\/p>\n\n\n\n<p>\u00abNo es un procedimiento r\u00e1pido ni sencillo. Esperamos que en aproximadamente dos a\u00f1os este aporte nuevas l\u00edneas y un nuevo transporte en r\u00e9gimen concesional en la ciudad\u00bb, ha explicado el edil. Adem\u00e1s, ha a\u00f1adido que se trata de un camino lleno de dificultades por culpa, en parte, \u00abde la deuda p\u00fablica que dej\u00f3 el gobierno del Partido Popular y que nos obliga a sacar esto adelante sin aportaciones p\u00fablicas\u00bb.<\/p>\n\n\n\n<p>Finalmente, Mascarell ha se\u00f1alado que se proporcionar\u00e1n soluciones puntuales para las mejoras que necesitan los veh\u00edculos que circulan hoy en d\u00eda por el municipio y ha pedido al PP que tenga paciencia debido a \u00abtodas las limitaciones econ\u00f3micas que tanto el se\u00f1or Torr\u00f3 como su formaci\u00f3n pol\u00edtica causaron&nbsp;en&nbsp;la&nbsp;ciudad\u00bb.<\/p>\n","protected":false},"excerpt":{"rendered":"<p>El PP de Gandia denuncia el servicio \u201cprecario\u201d del transporte p\u00fablico urbano Gandia-Marenys-Ven\u00e8cia.<\/p>\n","protected":false},"author":1,"featured_media":2763,"comment_status":"open","ping_status":"open","sticky":false,"template":"","format":"standard","meta":{"footnotes":""},"categories":[1,57],"tags":[],"class_list":["post-2768","post","type-post","status-publish","format-standard","has-post-thumbnail","hentry","category-actualidad","category-turismo"],"_links":{"self":[{"href":"https:\/\/infogandia.es\/index.php\/wp-json\/wp\/v2\/posts\/2768","targetHints":{"allow":["GET"]}}],"collection":[{"href":"https:\/\/infogandia.es\/index.php\/wp-json\/wp\/v2\/posts"}],"about":[{"href":"https:\/\/infogandia.es\/index.php\/wp-json\/wp\/v2\/types\/post"}],"author":[{"embeddable":true,"href":"https:\/\/infogandia.es\/index.php\/wp-json\/wp\/v2\/users\/1"}],"replies":[{"embeddable":true,"href":"https:\/\/infogandia.es\/index.php\/wp-json\/wp\/v2\/comments?post=2768"}],"version-history":[{"count":1,"href":"https:\/\/infogandia.es\/index.php\/wp-json\/wp\/v2\/posts\/2768\/revisions"}],"predecessor-version":[{"id":2769,"href":"https:\/\/infogandia.es\/index.php\/wp-json\/wp\/v2\/posts\/2768\/revisions\/2769"}],"wp:featuredmedia":[{"embeddable":true,"href":"https:\/\/infogandia.es\/index.php\/wp-json\/wp\/v2\/media\/2763"}],"wp:attachment":[{"href":"https:\/\/infogandia.es\/index.php\/wp-json\/wp\/v2\/media?parent=2768"}],"wp:term":[{"taxonomy":"category","embeddable":true,"href":"https:\/\/infogandia.es\/index.php\/wp-json\/wp\/v2\/categories?post=2768"},{"taxonomy":"post_tag","embeddable":true,"href":"https:\/\/infogandia.es\/index.php\/wp-json\/wp\/v2\/tags?post=2768"}],"curies":[{"name":"wp","href":"https:\/\/api.w.org\/{rel}","templated":true}]}}