{"id":2770,"date":"2024-02-07T17:00:39","date_gmt":"2024-02-07T17:00:39","guid":{"rendered":"https:\/\/infogandia.es\/?p=2770"},"modified":"2024-02-07T17:00:39","modified_gmt":"2024-02-07T17:00:39","slug":"el-ca-safor-teika-y-el-ca-gandia-alpesa-suman-varios-podios-en-el-autonomico-absoluto-individual","status":"publish","type":"post","link":"https:\/\/infogandia.es\/index.php\/2024\/02\/07\/el-ca-safor-teika-y-el-ca-gandia-alpesa-suman-varios-podios-en-el-autonomico-absoluto-individual\/","title":{"rendered":"El CA Safor Teika y el CA Gandia Alpesa suman varios podios en el Auton\u00f3mico absoluto individual"},"content":{"rendered":"\n<p>El Club d\u2019Atletisme Safor Teika logr\u00f3 dos medallas, una de oro y otra de bronce, en el campeonato de la Comunitat Valenciana de atletismo absoluto en pista cubierta, que se disput\u00f3 el s\u00e1bado pasado en el Palau Luis Puig de Val\u00e8ncia.\u00a0<\/p>\n\n\n\n<p>Se colg\u00f3 el oro Lluna Villar en los 3.000 metros lisos con un crono de 10:20.10, y fue tercero y medalla de bronce Rub\u00e9n Mayor en peso, con un mejor lanzamiento de 14.61 metros.<\/p>\n\n\n\n<p>Tambi\u00e9n participaron: Jorge Almendros (60 m.l. y 200 m.l.), Carlos Gim\u00e9nez (60 m.l.), Marcus Mensah y Pascal Allistone-Greaves (200 m.l.), \u00d3scar Casta\u00f1eda, Alejandro Mart\u00ednez y Louis Dieumegard (400 m.l.), Jacobo Ram\u00edrez (3.000 m.l.), Mario Rico (60 m.v.), Ra\u00fal Bell\u00f3n (altura), Sergio Palomino (p\u00e9rtiga), Youssef Dellai y Christian L\u00f3pez (triple salto), V\u00edctor Faus (peso), Camila Rodr\u00edguez (60 m.l.), Iris Polo y Alexia Pedr\u00f3s (200 m.l.), M.\u00aa \u00c1ngeles Robles (400 m.l.), Marina Altur (800 m.l.), J\u00falia Estruch (1.500 m.l.), Josune Moreno (60 m.v.), Silvia Garc\u00eda-Gasulla y Candela Dapia (p\u00e9rtiga), Laura Sanchis (longitud), y Milena G\u00f3mez en triple salto.&nbsp;<\/p>\n\n\n\n<p>Por otra parte, el tambi\u00e9n atleta del CA Safor Teika, Pau Gonz\u00e1lez, consigui\u00f3 la medalla de bronce en el campeonato auton\u00f3mico sub20 de pruebas combinadas en Val\u00e8ncia.&nbsp;<br>El CA Gandia Alpesa obtuvo igualmente buenos resultados en el Auton\u00f3mico absoluto. Concretamente, Paco Matencio y Monim El Khayami lograron el oro y la plata en la carrera de los 1.500 metros lisos, mientras que Quique Rios fue subcampe\u00f3n (medalla de plata) en la de 3.000 m.l.<\/p>\n\n\n\n<p>Pablo Reina, integrante del CA Gandia Alpesa, compiti\u00f3 en el campeonato auton\u00f3mico de Arag\u00f3n, consiguiendo una medalla de bronce en los 3.000&nbsp;metros&nbsp;lisos.<\/p>\n","protected":false},"excerpt":{"rendered":"<p>El CA Safor Teika y el CA Gandia Alpesa suman varios podios en el Auton\u00f3mico absoluto individual. <\/p>\n","protected":false},"author":1,"featured_media":2762,"comment_status":"open","ping_status":"open","sticky":false,"template":"","format":"standard","meta":{"footnotes":""},"categories":[1,4],"tags":[],"class_list":["post-2770","post","type-post","status-publish","format-standard","has-post-thumbnail","hentry","category-actualidad","category-deporte"],"_links":{"self":[{"href":"https:\/\/infogandia.es\/index.php\/wp-json\/wp\/v2\/posts\/2770","targetHints":{"allow":["GET"]}}],"collection":[{"href":"https:\/\/infogandia.es\/index.php\/wp-json\/wp\/v2\/posts"}],"about":[{"href":"https:\/\/infogandia.es\/index.php\/wp-json\/wp\/v2\/types\/post"}],"author":[{"embeddable":true,"href":"https:\/\/infogandia.es\/index.php\/wp-json\/wp\/v2\/users\/1"}],"replies":[{"embeddable":true,"href":"https:\/\/infogandia.es\/index.php\/wp-json\/wp\/v2\/comments?post=2770"}],"version-history":[{"count":1,"href":"https:\/\/infogandia.es\/index.php\/wp-json\/wp\/v2\/posts\/2770\/revisions"}],"predecessor-version":[{"id":2771,"href":"https:\/\/infogandia.es\/index.php\/wp-json\/wp\/v2\/posts\/2770\/revisions\/2771"}],"wp:featuredmedia":[{"embeddable":true,"href":"https:\/\/infogandia.es\/index.php\/wp-json\/wp\/v2\/media\/2762"}],"wp:attachment":[{"href":"https:\/\/infogandia.es\/index.php\/wp-json\/wp\/v2\/media?parent=2770"}],"wp:term":[{"taxonomy":"category","embeddable":true,"href":"https:\/\/infogandia.es\/index.php\/wp-json\/wp\/v2\/categories?post=2770"},{"taxonomy":"post_tag","embeddable":true,"href":"https:\/\/infogandia.es\/index.php\/wp-json\/wp\/v2\/tags?post=2770"}],"curies":[{"name":"wp","href":"https:\/\/api.w.org\/{rel}","templated":true}]}}