{"id":2779,"date":"2024-02-07T17:06:32","date_gmt":"2024-02-07T17:06:32","guid":{"rendered":"https:\/\/infogandia.es\/?p=2779"},"modified":"2024-02-07T17:06:32","modified_gmt":"2024-02-07T17:06:32","slug":"el-departamento-de-igualdad-anuncia-la-primera-edicion-de-la-iniciativa-cafe-con-amigas","status":"publish","type":"post","link":"https:\/\/infogandia.es\/index.php\/2024\/02\/07\/el-departamento-de-igualdad-anuncia-la-primera-edicion-de-la-iniciativa-cafe-con-amigas\/","title":{"rendered":"El departamento de Igualdad anuncia la primera edici\u00f3n de la iniciativa &#8220;Caf\u00e9 con amigas&#8221;"},"content":{"rendered":"\n<p>Se llevar\u00e1n a cabo una serie de ponencias que tendr\u00e1n lugar ma\u00f1ana en los jardines de la Casa de la Marquesa, comenzando a las 17 horas.<\/p>\n\n\n\n<p>En la presentaci\u00f3n realizada hoy en Gandia, la edil delegada de Igualdad y Pol\u00edticas Inclusivas, Maribel Codina, junto al artista drag La Sanguinelli (Josep Soldevila), han dado a conocer este nuevo evento. &#8220;Queremos celebrar este evento en esta fecha porque creemos que no es necesario esperar al 8 de marzo. Las mujeres existimos todo el a\u00f1o y siempre debemos hacer o\u00edr nuestra voz para que podamos estar en todas partes&#8221;, ha expresado Soldevila.<\/p>\n\n\n\n<p>La entrada ser\u00e1 gratuita y estar\u00e1 abierta al p\u00fablico en general, que tendr\u00e1 la oportunidad de escuchar a las ponentes compartir sus experiencias en la lucha contra la violencia de g\u00e9nero y su participaci\u00f3n en el movimiento feminista desde diferentes \u00e1mbitos, tanto familiares como laborales.<\/p>\n\n\n\n<p>El evento comenzar\u00e1 con la ponencia de Pura Miret, quien lleva treinta y cinco a\u00f1os dedicada a la ense\u00f1anza y hablar\u00e1 sobre la evoluci\u00f3n de la educaci\u00f3n en materia de igualdad a lo largo de su carrera profesional.<\/p>\n\n\n\n<p>Seguidamente, intervendr\u00e1 Nuria Miret, profesora y directora del Colegio y Centro de Acci\u00f3n Educativa Singular del Real de Gandia, Nuestra Se\u00f1ora de Amparo. Y finalmente, se contar\u00e1 con la presencia de Isabel Le\u00f3n, maestra de ingl\u00e9s del programa PPVV en los Estados Unidos.<\/p>\n\n\n\n<p>Al t\u00e9rmino de las ponencias, los asistentes participar\u00e1n en una actividad en la que podr\u00e1n plasmar sus pensamientos sobre la lucha por la igualdad de g\u00e9nero en notas adhesivas. Estas notas se utilizar\u00e1n para formar un coraz\u00f3n, que una vez enmarcado, ser\u00e1 enviado al departamento de Igualdad del Ayuntamiento.<\/p>\n\n\n\n<p>Por \u00faltimo, se anunci\u00f3 que con motivo del D\u00eda Internacional de la Mujer y la Ni\u00f1a en la Ciencia, que se celebrar\u00e1 el pr\u00f3ximo lunes 11 de marzo, el departamento de Igualdad ha organizado varias conferencias en diferentes colegios de la ciudad. Estas conferencias ser\u00e1n impartidas por la qu\u00edmica gandiense Melani S\u00e1nchez Garc\u00eda, especializada en Inteligencia Artificial, quien previamente trabaj\u00f3 en la Universidad de Santa B\u00e0rbara (California). En la actualidad, colabora en Val\u00e8ncia y se ha ofrecido a contribuir en esta causa para inspirar a las ni\u00f1as a elegir la carrera que deseen, independientemente de si esta pertenece al \u00e1mbito cient\u00edfico o no.<\/p>\n\n\n\n<figure class=\"wp-block-image size-large\"><img fetchpriority=\"high\" decoding=\"async\" width=\"1024\" height=\"714\" src=\"https:\/\/infogandia.es\/wp-content\/uploads\/2024\/02\/AO_2372-copia-1-1024x714.jpg\" alt=\"\" class=\"wp-image-2780\" srcset=\"https:\/\/infogandia.es\/wp-content\/uploads\/2024\/02\/AO_2372-copia-1-1024x714.jpg 1024w, https:\/\/infogandia.es\/wp-content\/uploads\/2024\/02\/AO_2372-copia-1-300x209.jpg 300w, https:\/\/infogandia.es\/wp-content\/uploads\/2024\/02\/AO_2372-copia-1-768x535.jpg 768w, https:\/\/infogandia.es\/wp-content\/uploads\/2024\/02\/AO_2372-copia-1-1536x1071.jpg 1536w, https:\/\/infogandia.es\/wp-content\/uploads\/2024\/02\/AO_2372-copia-1.jpg 1772w\" sizes=\"(max-width: 1024px) 100vw, 1024px\" \/><\/figure>\n","protected":false},"excerpt":{"rendered":"<p>Se llevar\u00e1n a cabo una serie de ponencias que tendr\u00e1n lugar ma\u00f1ana en los jardines de la Casa de la Marquesa, comenzando a las 17 horas. En la presentaci\u00f3n realizada hoy en Gandia, la edil delegada de Igualdad y Pol\u00edticas Inclusivas, Maribel Codina, junto al artista drag La Sanguinelli (Josep Soldevila), han dado a conocer&#8230;<\/p>\n","protected":false},"author":1,"featured_media":2777,"comment_status":"open","ping_status":"open","sticky":false,"template":"","format":"standard","meta":{"footnotes":""},"categories":[1,5,27],"tags":[],"class_list":["post-2779","post","type-post","status-publish","format-standard","has-post-thumbnail","hentry","category-actualidad","category-educacion","category-sociedad"],"_links":{"self":[{"href":"https:\/\/infogandia.es\/index.php\/wp-json\/wp\/v2\/posts\/2779","targetHints":{"allow":["GET"]}}],"collection":[{"href":"https:\/\/infogandia.es\/index.php\/wp-json\/wp\/v2\/posts"}],"about":[{"href":"https:\/\/infogandia.es\/index.php\/wp-json\/wp\/v2\/types\/post"}],"author":[{"embeddable":true,"href":"https:\/\/infogandia.es\/index.php\/wp-json\/wp\/v2\/users\/1"}],"replies":[{"embeddable":true,"href":"https:\/\/infogandia.es\/index.php\/wp-json\/wp\/v2\/comments?post=2779"}],"version-history":[{"count":1,"href":"https:\/\/infogandia.es\/index.php\/wp-json\/wp\/v2\/posts\/2779\/revisions"}],"predecessor-version":[{"id":2781,"href":"https:\/\/infogandia.es\/index.php\/wp-json\/wp\/v2\/posts\/2779\/revisions\/2781"}],"wp:featuredmedia":[{"embeddable":true,"href":"https:\/\/infogandia.es\/index.php\/wp-json\/wp\/v2\/media\/2777"}],"wp:attachment":[{"href":"https:\/\/infogandia.es\/index.php\/wp-json\/wp\/v2\/media?parent=2779"}],"wp:term":[{"taxonomy":"category","embeddable":true,"href":"https:\/\/infogandia.es\/index.php\/wp-json\/wp\/v2\/categories?post=2779"},{"taxonomy":"post_tag","embeddable":true,"href":"https:\/\/infogandia.es\/index.php\/wp-json\/wp\/v2\/tags?post=2779"}],"curies":[{"name":"wp","href":"https:\/\/api.w.org\/{rel}","templated":true}]}}