{"id":2782,"date":"2024-02-07T17:09:38","date_gmt":"2024-02-07T17:09:38","guid":{"rendered":"https:\/\/infogandia.es\/?p=2782"},"modified":"2024-02-07T17:09:38","modified_gmt":"2024-02-07T17:09:38","slug":"el-ayuntamiento-de-tavernes-de-la-valldigna-defendera-los-derechos-de-los-propietarios-de-viviendas-afectadas-por-el-posible-deslinde-de-la-playa","status":"publish","type":"post","link":"https:\/\/infogandia.es\/index.php\/2024\/02\/07\/el-ayuntamiento-de-tavernes-de-la-valldigna-defendera-los-derechos-de-los-propietarios-de-viviendas-afectadas-por-el-posible-deslinde-de-la-playa\/","title":{"rendered":"El Ayuntamiento de Tavernes de la Valldigna defender\u00e1 los derechos de los propietarios de viviendas afectadas por el posible &#8216;deslinde&#8217; de la playa"},"content":{"rendered":"\n<p>La alcaldesa Lara Romero y varios miembros del gobierno local se reunieron esta ma\u00f1ana con los vecinos de la Goleta y la asociaci\u00f3n SOS Playa Tavernes.<\/p>\n\n\n\n<p>&#8220;Estamos aqu\u00ed para respaldarlos, porque su problema es el nuestro, y el Ayuntamiento siempre estar\u00e1 a su lado&#8221;, afirm\u00f3 la alcaldesa durante la reuni\u00f3n.<\/p>\n\n\n\n<p>La alcaldesa Lara Romero, junto a los regidores Josep Ll\u00e0cer, Zeus Grau, Amparo Bo, Jos\u00e9 Enrique Cu\u00f1at, Juan Bautista Talens y Encar Mifsud, junto con t\u00e9cnicos municipales, recibieron a los propietarios de viviendas de primera l\u00ednea en la playa de la Goleta, afectados por el posible &#8216;deslinde&#8217; de Demarcaci\u00f3n de Costas, as\u00ed como a la asociaci\u00f3n SOS Playa Tavernes de la Valldigna.<\/p>\n\n\n\n<p>Durante la reuni\u00f3n, el equipo de gobierno expres\u00f3 su apoyo a los residentes frente a esta situaci\u00f3n que afecta a sus hogares, asegurando que defender\u00e1n los derechos de aquellos que adquirieron sus viviendas de manera legal y correcta. &#8220;Estamos aqu\u00ed para respaldarlos, porque su problema es el nuestro. El Ayuntamiento de Tascas estar\u00e1 siempre a su lado&#8221;, declar\u00f3 la alcaldesa Lara Romero.<\/p>\n\n\n\n<p>Los miembros del gobierno explicaron a los propietarios que el Ayuntamiento de Tavernes de la Valldigna ha presentado las alegaciones correspondientes desde el principio. Adem\u00e1s, la alcaldesa anunci\u00f3 que los servicios jur\u00eddicos y t\u00e9cnicos municipales est\u00e1n disponibles para ayudar a los vecinos a enfrentar esta situaci\u00f3n y proteger sus intereses.<\/p>\n\n\n\n<p>Asimismo, la alcaldesa Lara Romero inform\u00f3 que se ha comunicado con la Delegaci\u00f3n de Gobierno de la Comunidad Valenciana y que ya tiene programada una reuni\u00f3n con Demarcaci\u00f3n de Costas para el 14 de febrero. En esta reuni\u00f3n, tambi\u00e9n estar\u00e1 presente un representante de la asociaci\u00f3n SOS Playa, as\u00ed como un representante de los propietarios afectados.<\/p>\n","protected":false},"excerpt":{"rendered":"<p>El Ayuntamiento de Tavernes de la Valldigna defender\u00e1 los derechos de los propietarios de viviendas afectadas por el posible &#8216;deslinde&#8217; de la playa. <\/p>\n","protected":false},"author":1,"featured_media":2783,"comment_status":"open","ping_status":"open","sticky":false,"template":"","format":"standard","meta":{"footnotes":""},"categories":[1,3,57],"tags":[],"class_list":["post-2782","post","type-post","status-publish","format-standard","has-post-thumbnail","hentry","category-actualidad","category-politica","category-turismo"],"_links":{"self":[{"href":"https:\/\/infogandia.es\/index.php\/wp-json\/wp\/v2\/posts\/2782","targetHints":{"allow":["GET"]}}],"collection":[{"href":"https:\/\/infogandia.es\/index.php\/wp-json\/wp\/v2\/posts"}],"about":[{"href":"https:\/\/infogandia.es\/index.php\/wp-json\/wp\/v2\/types\/post"}],"author":[{"embeddable":true,"href":"https:\/\/infogandia.es\/index.php\/wp-json\/wp\/v2\/users\/1"}],"replies":[{"embeddable":true,"href":"https:\/\/infogandia.es\/index.php\/wp-json\/wp\/v2\/comments?post=2782"}],"version-history":[{"count":1,"href":"https:\/\/infogandia.es\/index.php\/wp-json\/wp\/v2\/posts\/2782\/revisions"}],"predecessor-version":[{"id":2786,"href":"https:\/\/infogandia.es\/index.php\/wp-json\/wp\/v2\/posts\/2782\/revisions\/2786"}],"wp:featuredmedia":[{"embeddable":true,"href":"https:\/\/infogandia.es\/index.php\/wp-json\/wp\/v2\/media\/2783"}],"wp:attachment":[{"href":"https:\/\/infogandia.es\/index.php\/wp-json\/wp\/v2\/media?parent=2782"}],"wp:term":[{"taxonomy":"category","embeddable":true,"href":"https:\/\/infogandia.es\/index.php\/wp-json\/wp\/v2\/categories?post=2782"},{"taxonomy":"post_tag","embeddable":true,"href":"https:\/\/infogandia.es\/index.php\/wp-json\/wp\/v2\/tags?post=2782"}],"curies":[{"name":"wp","href":"https:\/\/api.w.org\/{rel}","templated":true}]}}