{"id":2787,"date":"2024-02-07T17:12:24","date_gmt":"2024-02-07T17:12:24","guid":{"rendered":"https:\/\/infogandia.es\/?p=2787"},"modified":"2024-02-07T17:12:24","modified_gmt":"2024-02-07T17:12:24","slug":"tavernes-celebra-este-sabado-el-llamamiento-para-dar-inicio-a-las-fallas-2024","status":"publish","type":"post","link":"https:\/\/infogandia.es\/index.php\/2024\/02\/07\/tavernes-celebra-este-sabado-el-llamamiento-para-dar-inicio-a-las-fallas-2024\/","title":{"rendered":"Tavernes celebra este s\u00e1bado el llamamiento para dar inicio a las Fallas 2024"},"content":{"rendered":"\n<p>Tavernes celebra este s\u00e1bado el llamamiento para dar inicio a las Fallas 2024, un evento que marca el comienzo del calendario fallero tras las presentaciones de las seis comisiones locales. Organizado por el Ayuntamiento en colaboraci\u00f3n con la Federaci\u00f3n de Fallas &#8211; Junta Local Fallera, este acontecimiento congregar\u00e1 a miles de falleros y falleras en la plaza Mayor de Tavernes de la Valldigna.<\/p>\n\n\n\n<p>El programa comenzar\u00e1 a las 17 horas con un pasacalle que recorrer\u00e1 las principales calles, desde la Falla Portal de Valldigna hasta la Falla Cambro, culminando en la Plaza Mayor. A las 18 horas, se llevar\u00e1 a cabo la concentraci\u00f3n en la plaza, seguida de la recogida de la fallera mayor de Tavernes de la Valldigna, Gemma Altur.<\/p>\n\n\n\n<p>A las 19 horas, comenzar\u00e1 el llamamiento en la plaza Mayor, con un nuevo formato que incluir\u00e1 un espect\u00e1culo de m\u00fasica, luces y sonido, antes de los discursos de la alcaldesa y presidenta nata de la Federaci\u00f3n de Fallas &#8211; Junta Local Fallera, Lara Romero, y la fallera mayor de la ciudad, Gemma Altur, acompa\u00f1adas por el presidente, \u00d3scar Ciscar, el regidor de Fiestas, Carlos Torres, y la corte de honor.<\/p>\n\n\n\n<p>El evento concluir\u00e1 con un castillo de fuegos artificiales en el paseo del Pa\u00eds Valenciano, seguido de una cena de hermandad en una carpa ubicada en la calle M\u00e9dico Paco Valiente, junto al pabell\u00f3n Carlos Pellicer, donde se espera la participaci\u00f3n de alrededor de 800 personas. La noche continuar\u00e1 con una verbena a cargo de la orquesta Mito.<\/p>\n\n\n\n<figure class=\"wp-block-image size-large\"><img fetchpriority=\"high\" decoding=\"async\" width=\"1024\" height=\"478\" src=\"http:\/\/infogandia.es\/wp-content\/uploads\/2024\/02\/exaltacio-FMT-2024-1024x478.jpg\" alt=\"\" class=\"wp-image-2785\" srcset=\"https:\/\/infogandia.es\/wp-content\/uploads\/2024\/02\/exaltacio-FMT-2024-1024x478.jpg 1024w, https:\/\/infogandia.es\/wp-content\/uploads\/2024\/02\/exaltacio-FMT-2024-300x140.jpg 300w, https:\/\/infogandia.es\/wp-content\/uploads\/2024\/02\/exaltacio-FMT-2024-768x359.jpg 768w, https:\/\/infogandia.es\/wp-content\/uploads\/2024\/02\/exaltacio-FMT-2024-1536x717.jpg 1536w, https:\/\/infogandia.es\/wp-content\/uploads\/2024\/02\/exaltacio-FMT-2024-2048x956.jpg 2048w\" sizes=\"(max-width: 1024px) 100vw, 1024px\" \/><\/figure>\n","protected":false},"excerpt":{"rendered":"<p>Tavernes celebra este s\u00e1bado el llamamiento para dar inicio a las Fallas 2024<\/p>\n","protected":false},"author":1,"featured_media":2784,"comment_status":"open","ping_status":"open","sticky":false,"template":"","format":"standard","meta":{"footnotes":""},"categories":[1,57],"tags":[],"class_list":["post-2787","post","type-post","status-publish","format-standard","has-post-thumbnail","hentry","category-actualidad","category-turismo"],"_links":{"self":[{"href":"https:\/\/infogandia.es\/index.php\/wp-json\/wp\/v2\/posts\/2787","targetHints":{"allow":["GET"]}}],"collection":[{"href":"https:\/\/infogandia.es\/index.php\/wp-json\/wp\/v2\/posts"}],"about":[{"href":"https:\/\/infogandia.es\/index.php\/wp-json\/wp\/v2\/types\/post"}],"author":[{"embeddable":true,"href":"https:\/\/infogandia.es\/index.php\/wp-json\/wp\/v2\/users\/1"}],"replies":[{"embeddable":true,"href":"https:\/\/infogandia.es\/index.php\/wp-json\/wp\/v2\/comments?post=2787"}],"version-history":[{"count":1,"href":"https:\/\/infogandia.es\/index.php\/wp-json\/wp\/v2\/posts\/2787\/revisions"}],"predecessor-version":[{"id":2788,"href":"https:\/\/infogandia.es\/index.php\/wp-json\/wp\/v2\/posts\/2787\/revisions\/2788"}],"wp:featuredmedia":[{"embeddable":true,"href":"https:\/\/infogandia.es\/index.php\/wp-json\/wp\/v2\/media\/2784"}],"wp:attachment":[{"href":"https:\/\/infogandia.es\/index.php\/wp-json\/wp\/v2\/media?parent=2787"}],"wp:term":[{"taxonomy":"category","embeddable":true,"href":"https:\/\/infogandia.es\/index.php\/wp-json\/wp\/v2\/categories?post=2787"},{"taxonomy":"post_tag","embeddable":true,"href":"https:\/\/infogandia.es\/index.php\/wp-json\/wp\/v2\/tags?post=2787"}],"curies":[{"name":"wp","href":"https:\/\/api.w.org\/{rel}","templated":true}]}}