{"id":2805,"date":"2024-02-08T19:30:37","date_gmt":"2024-02-08T19:30:37","guid":{"rendered":"https:\/\/infogandia.es\/?p=2805"},"modified":"2024-02-08T19:30:37","modified_gmt":"2024-02-08T19:30:37","slug":"gandia-apostara-por-la-reorganizacion-de-la-plantilla-de-la-policia-local-para-aumentar-su-eficacia","status":"publish","type":"post","link":"https:\/\/infogandia.es\/index.php\/2024\/02\/08\/gandia-apostara-por-la-reorganizacion-de-la-plantilla-de-la-policia-local-para-aumentar-su-eficacia\/","title":{"rendered":"Gandia apostar\u00e1 por la reorganizaci\u00f3n de la plantilla de la Polic\u00eda Local para aumentar su eficacia"},"content":{"rendered":"\n<p>El Gobierno de Gandia aprobar\u00e1 en la pr\u00f3xima sesi\u00f3n plenaria la plantilla de personal del Ayuntamiento para 2024. El acuerdo, que ha contado con el apoyo de sindicatos y de la Mesa de Negociaci\u00f3n, permitir\u00e1 que la estructura laboral consolide perfiles fundamentales en la nueva organizaci\u00f3n del Consistorio.<\/p>\n\n\n\n<p>Tras este acuerdo, el delegado de Gobierno Interior y Recursos Humanos, Adri\u00e1n Vila, ha dado detalles de su propuesta para la plantilla de la Polic\u00eda Local, que pasa por aumentar el n\u00famero de agentes, pero tambi\u00e9n reconfigurar los horarios que realizan, para que sea un Cuerpo m\u00e1s eficiente en&nbsp;este&nbsp;sentido.<\/p>\n","protected":false},"excerpt":{"rendered":"<p>Gandia apostar\u00e1 por la reorganizaci\u00f3n de la plantilla de la Polic\u00eda Local para aumentar su eficacia.<\/p>\n","protected":false},"author":1,"featured_media":2795,"comment_status":"open","ping_status":"open","sticky":false,"template":"","format":"standard","meta":{"footnotes":""},"categories":[1,5,27],"tags":[],"class_list":["post-2805","post","type-post","status-publish","format-standard","has-post-thumbnail","hentry","category-actualidad","category-educacion","category-sociedad"],"_links":{"self":[{"href":"https:\/\/infogandia.es\/index.php\/wp-json\/wp\/v2\/posts\/2805","targetHints":{"allow":["GET"]}}],"collection":[{"href":"https:\/\/infogandia.es\/index.php\/wp-json\/wp\/v2\/posts"}],"about":[{"href":"https:\/\/infogandia.es\/index.php\/wp-json\/wp\/v2\/types\/post"}],"author":[{"embeddable":true,"href":"https:\/\/infogandia.es\/index.php\/wp-json\/wp\/v2\/users\/1"}],"replies":[{"embeddable":true,"href":"https:\/\/infogandia.es\/index.php\/wp-json\/wp\/v2\/comments?post=2805"}],"version-history":[{"count":1,"href":"https:\/\/infogandia.es\/index.php\/wp-json\/wp\/v2\/posts\/2805\/revisions"}],"predecessor-version":[{"id":2806,"href":"https:\/\/infogandia.es\/index.php\/wp-json\/wp\/v2\/posts\/2805\/revisions\/2806"}],"wp:featuredmedia":[{"embeddable":true,"href":"https:\/\/infogandia.es\/index.php\/wp-json\/wp\/v2\/media\/2795"}],"wp:attachment":[{"href":"https:\/\/infogandia.es\/index.php\/wp-json\/wp\/v2\/media?parent=2805"}],"wp:term":[{"taxonomy":"category","embeddable":true,"href":"https:\/\/infogandia.es\/index.php\/wp-json\/wp\/v2\/categories?post=2805"},{"taxonomy":"post_tag","embeddable":true,"href":"https:\/\/infogandia.es\/index.php\/wp-json\/wp\/v2\/tags?post=2805"}],"curies":[{"name":"wp","href":"https:\/\/api.w.org\/{rel}","templated":true}]}}