{"id":2819,"date":"2024-02-12T17:51:34","date_gmt":"2024-02-12T17:51:34","guid":{"rendered":"https:\/\/infogandia.es\/?p=2819"},"modified":"2024-02-12T17:51:34","modified_gmt":"2024-02-12T17:51:34","slug":"gandia-pone-en-valor-su-riqueza-musical-con-la-iniciativa-himnes-ciutat-de-gandia","status":"publish","type":"post","link":"https:\/\/infogandia.es\/index.php\/2024\/02\/12\/gandia-pone-en-valor-su-riqueza-musical-con-la-iniciativa-himnes-ciutat-de-gandia\/","title":{"rendered":"Gandia pone en valor su riqueza musical con la iniciativa &#8216;Himnes Ciutat de Gandia&#8217;"},"content":{"rendered":"\n<p>El Teatro Serrano acogi\u00f3 este domingo el concierto &#8216;Himnes Ciutat de Gandia&#8217;. Una iniciativa que ha consistido en recuperar y dignificar a alguno de los himnos m\u00e1s importantes de la ciudad como son el Beatus Noster, de Jacobo Ferrer; La Delicano de Gand\u00eda, de Miquel Vercher; el himno de Gand\u00eda, de Salvador Gea; el himno del C.F. Gand\u00eda, de Miguel Villar; el himno del UP Basket Gandia, de Carlos Navarro; el himno de la Junta Local Fallera, de Ignacio Moreno; el himno en San Nicol\u00e1s, de V. Valdes y el himno de la Fideu\u00e1, de Miguel Villar.<\/p>\n\n\n\n<p>La iniciativa cont\u00f3 con la colaboraci\u00f3n de la Banda de la Escuela de M\u00fasica del Grao, la Coral Renaixen\u00e7a de Vilallonga, el coraz\u00f3n San Blas de Potries y el coraz\u00f3n Sociedad Musical de Benirredr\u00e0. Todos ellos dirigidos por Juan Miguel Terrazas y coordinados por Z\u00e1balo Borr\u00e1s y Mamen Bautista.<\/p>\n\n\n\n<p>El alcalde de Gandia, Jos\u00e9 Manuel Prieto felicit\u00f3 a todos los implicados en este af\u00e1n que ha permitido recuperar el patrimonio musical de la ciudad y potenciar la identidad de Gandia como pueblo. &#8220;Un pueblo mediterr\u00e1neo que se comunica siempre con m\u00fasica. Hemos o\u00eddo unas composiciones emblem\u00e1ticas que identifican a los colectivos y que nos unen y enorgullecen como ciudad&#8221;.<\/p>\n\n\n\n<p>&#8220;Desde el Ayuntamiento de Gandia no desistiremos de nuestro af\u00e1n, y continuaremos apoyando y programando conciertos, espect\u00e1culos y actividades relacionadas con la m\u00fasica. Continuaremos cediendo y manteniendo edificios municipales y continuaremos poniendo a su disposici\u00f3n el Teatro Serrano, pero facilitar las actuaciones&#8221;, ha declarado&nbsp;el&nbsp;alcalde.<\/p>\n","protected":false},"excerpt":{"rendered":"<p>Gandia pone en valor su riqueza musical con la iniciativa &#8216;Himnes Ciutat de Gandia&#8217;.<\/p>\n","protected":false},"author":1,"featured_media":2809,"comment_status":"open","ping_status":"open","sticky":false,"template":"","format":"standard","meta":{"footnotes":""},"categories":[1,27],"tags":[],"class_list":["post-2819","post","type-post","status-publish","format-standard","has-post-thumbnail","hentry","category-actualidad","category-sociedad"],"_links":{"self":[{"href":"https:\/\/infogandia.es\/index.php\/wp-json\/wp\/v2\/posts\/2819","targetHints":{"allow":["GET"]}}],"collection":[{"href":"https:\/\/infogandia.es\/index.php\/wp-json\/wp\/v2\/posts"}],"about":[{"href":"https:\/\/infogandia.es\/index.php\/wp-json\/wp\/v2\/types\/post"}],"author":[{"embeddable":true,"href":"https:\/\/infogandia.es\/index.php\/wp-json\/wp\/v2\/users\/1"}],"replies":[{"embeddable":true,"href":"https:\/\/infogandia.es\/index.php\/wp-json\/wp\/v2\/comments?post=2819"}],"version-history":[{"count":1,"href":"https:\/\/infogandia.es\/index.php\/wp-json\/wp\/v2\/posts\/2819\/revisions"}],"predecessor-version":[{"id":2820,"href":"https:\/\/infogandia.es\/index.php\/wp-json\/wp\/v2\/posts\/2819\/revisions\/2820"}],"wp:featuredmedia":[{"embeddable":true,"href":"https:\/\/infogandia.es\/index.php\/wp-json\/wp\/v2\/media\/2809"}],"wp:attachment":[{"href":"https:\/\/infogandia.es\/index.php\/wp-json\/wp\/v2\/media?parent=2819"}],"wp:term":[{"taxonomy":"category","embeddable":true,"href":"https:\/\/infogandia.es\/index.php\/wp-json\/wp\/v2\/categories?post=2819"},{"taxonomy":"post_tag","embeddable":true,"href":"https:\/\/infogandia.es\/index.php\/wp-json\/wp\/v2\/tags?post=2819"}],"curies":[{"name":"wp","href":"https:\/\/api.w.org\/{rel}","templated":true}]}}