{"id":2823,"date":"2024-02-12T17:52:49","date_gmt":"2024-02-12T17:52:49","guid":{"rendered":"https:\/\/infogandia.es\/?p=2823"},"modified":"2024-02-12T17:52:49","modified_gmt":"2024-02-12T17:52:49","slug":"el-ministerio-de-hacienda-da-el-visto-bueno-al-presupuesto-de-gandia-para-2024","status":"publish","type":"post","link":"https:\/\/infogandia.es\/index.php\/2024\/02\/12\/el-ministerio-de-hacienda-da-el-visto-bueno-al-presupuesto-de-gandia-para-2024\/","title":{"rendered":"El Ministerio de Hacienda da el visto bueno al presupuesto de Gand\u00eda para 2024"},"content":{"rendered":"\n<p>La coportavoz del Gobierno y primera teniente de alcalde, Alicia Izquierdo y el concejal de Econom\u00eda y Hacienda, Salvador Gregori, comparecieron esta ma\u00f1ana ante los medios de comunicaci\u00f3n para informar que el Ministerio de Hacienda ha dado el visto bueno a la propuesta de presupuesto que el Gobierno municipal remiti\u00f3 el pasado mes de enero a Madrid.<\/p>\n\n\n\n<p>Izquierdo ha puesto en valor que se trata de las nuevas cuentas municipales que aprueba el Ministerio. &#8220;Una vez m\u00e1s, cumplimos los par\u00e1metros de racionalidad y legalidad. Continuamos pagando lo que se debe a la vez que conseguimos atraer inversiones y bajar impuestos&#8221;.<\/p>\n\n\n\n<p>En l\u00edneas generales, las cuentas municipales ascienden a 101,9 millones de euros, con un incremento de un 5,5% respecto a 2023. Adem\u00e1s, tal y como indica el Plan de Ajuste al que est\u00e1 adherido Gandia, se prev\u00e9 una partida de pago de 8,5 millones de euros, lo que supone que la reducci\u00f3n de la deuda hecha en nueve a\u00f1os ascender\u00e1 a 94 millones de euros, un 27,1% menos que en 2015. A diferencia del a\u00f1o pasado , cuando se aportaron 5,1 millones de euros de forma voluntaria, esta vez el pago ser\u00e1 obligatorio.<\/p>\n\n\n\n<p>Por lo que respecta al \u00e1mbito p\u00fablico, algunos servicios como la limpieza o los parques y jardines se reforzar\u00e1n con importantes incrementos en el presupuesto. Por su parte, el \u00e1rea de Medio Ambiente se ha convertido en un objetivo prioritario para el Estado, por lo que se trabajar\u00e1 para atraer fondos europeos que sean completados con recursos propios.<\/p>\n\n\n\n<p>Adem\u00e1s, tanto el colectivo asociativo como la cultura se consolidar\u00e1n como un importante motor de actividad en Gandia, y, como mencion\u00f3 Gregori, &#8220;la atenci\u00f3n a las personas m\u00e1s vulnerables se mantendr\u00e1 para que nadie se pueda quedar atr\u00e1s &#8220;.<\/p>\n\n\n\n<p>En cuanto al punto de vista puramente econ\u00f3mico, el edil ha explicado que se mantendr\u00e1 el esfuerzo inversor de 5,1 millones de euros de fondos del Ayuntamiento, y el tejido productivo del sector comercial y tur\u00edstico ver\u00e1n mejorar las partidas presupuestarias respecto al a\u00f1o pasado.<\/p>\n\n\n\n<p>Tambi\u00e9n se continuar\u00e1 impulsando el \u00e1mbito industrial gracias a las subvenciones del IVACE (Instituto Valenciano de la Competitividad Empresarial) y los esfuerzos por hacer que los pol\u00edgonos se conviertan en Entidades de Gesti\u00f3n y Modernizaci\u00f3n (EGM). Por \u00faltimo, el concejal ha recordado que, respecto a las cifras de 2015, y en t\u00e9rminos desestacionalizados, el paro de la ciudad ha bajado un 40 por ciento.<\/p>\n\n\n\n<p>&#8220;El Ayuntamiento continuar\u00e1 utilizando con responsabilidad toda su capacidad econ\u00f3mica y de gesti\u00f3n para impulsar la actividad econ\u00f3mica de la localidad, reducir su porcentaje de paro, conseguir que se convierta en un lugar atractivo para la inversi\u00f3n y la col colaboraci\u00f3n p\u00fablico-privada, y hacer que todo el mundo pueda hacer su proyecto de vida&#8221;, ha finalizado&nbsp;Gregori.<\/p>\n","protected":false},"excerpt":{"rendered":"<p>La coportavoz del Gobierno y primera teniente de alcalde, Alicia Izquierdo y el concejal de Econom\u00eda y Hacienda, Salvador Gregori, comparecieron esta ma\u00f1ana ante los medios de comunicaci\u00f3n para informar que el Ministerio de Hacienda ha dado el visto bueno a la propuesta de presupuesto que el Gobierno municipal remiti\u00f3 el pasado mes de enero&#8230;<\/p>\n","protected":false},"author":1,"featured_media":2811,"comment_status":"open","ping_status":"open","sticky":false,"template":"","format":"standard","meta":{"footnotes":""},"categories":[6,27],"tags":[],"class_list":["post-2823","post","type-post","status-publish","format-standard","has-post-thumbnail","hentry","category-economia","category-sociedad"],"_links":{"self":[{"href":"https:\/\/infogandia.es\/index.php\/wp-json\/wp\/v2\/posts\/2823","targetHints":{"allow":["GET"]}}],"collection":[{"href":"https:\/\/infogandia.es\/index.php\/wp-json\/wp\/v2\/posts"}],"about":[{"href":"https:\/\/infogandia.es\/index.php\/wp-json\/wp\/v2\/types\/post"}],"author":[{"embeddable":true,"href":"https:\/\/infogandia.es\/index.php\/wp-json\/wp\/v2\/users\/1"}],"replies":[{"embeddable":true,"href":"https:\/\/infogandia.es\/index.php\/wp-json\/wp\/v2\/comments?post=2823"}],"version-history":[{"count":1,"href":"https:\/\/infogandia.es\/index.php\/wp-json\/wp\/v2\/posts\/2823\/revisions"}],"predecessor-version":[{"id":2824,"href":"https:\/\/infogandia.es\/index.php\/wp-json\/wp\/v2\/posts\/2823\/revisions\/2824"}],"wp:featuredmedia":[{"embeddable":true,"href":"https:\/\/infogandia.es\/index.php\/wp-json\/wp\/v2\/media\/2811"}],"wp:attachment":[{"href":"https:\/\/infogandia.es\/index.php\/wp-json\/wp\/v2\/media?parent=2823"}],"wp:term":[{"taxonomy":"category","embeddable":true,"href":"https:\/\/infogandia.es\/index.php\/wp-json\/wp\/v2\/categories?post=2823"},{"taxonomy":"post_tag","embeddable":true,"href":"https:\/\/infogandia.es\/index.php\/wp-json\/wp\/v2\/tags?post=2823"}],"curies":[{"name":"wp","href":"https:\/\/api.w.org\/{rel}","templated":true}]}}