{"id":2827,"date":"2024-02-12T17:53:55","date_gmt":"2024-02-12T17:53:55","guid":{"rendered":"https:\/\/infogandia.es\/?p=2827"},"modified":"2024-02-12T17:53:55","modified_gmt":"2024-02-12T17:53:55","slug":"gemma-altur-fallera-mayor-de-tavernes-recibe-la-llave-de-la-ciudad","status":"publish","type":"post","link":"https:\/\/infogandia.es\/index.php\/2024\/02\/12\/gemma-altur-fallera-mayor-de-tavernes-recibe-la-llave-de-la-ciudad\/","title":{"rendered":"Gemma Altur, fallera mayor de Tavernes, recibe la llave de la ciudad"},"content":{"rendered":"\n<p>Con el tradicional grito de \u201cya estamos en Fallas\u201d se inician los d\u00edas grandes de las fiestas en Tavernes de la Valldigna que celebr\u00f3 &#8216;la Crida&#8217; el pasado s\u00e1bado. La fiesta empez\u00f3 en un espectacular \u2018videomapping\u2019 proyectado sobre la fachada del ayuntamiento con la voz del poeta sat\u00edrico de Tavernes, Jos\u00e9 Colero. Un espect\u00e1culo del cual pudo disfrutar el p\u00fablico que llenaba a tope la plaza Major.\u00a0<\/p>\n\n\n\n<p>La alcaldesa y presidenta nata de la Junta Local Fallera, Lara Romero Giner -vestida tambi\u00e9n de fallera- ya en el balc\u00f3n del ayuntamiento entreg\u00f3 la llave de la ciudad a la fallera mayor, Gemma Altur, de manera simb\u00f3lica para decir a los falleros y las falleras que \u201clas calles son vuestras y llegan unos de los d\u00edas m\u00e1s esperados. Esta llave simboliza la confianza que depositan en todos vosotros para hacer vibrar la ciudad. Damos inicio en la fiesta m\u00e1s nuestra; la m\u00e1s integradora; la m\u00e1s tur\u00edstica; la m\u00e1s tradicional y m\u00e1s valenciana\u201d, expres\u00f3 la alcaldesa.&nbsp;<\/p>\n\n\n\n<p>Por su parte, la fallera mayor Gemma Altur dio voz al sentimiento que le han transmitido desde las seis comisiones falleras de Tavernes de la Valldigna, pero sobre todo hizo una f\u00e9rrea defensa de nuestra lengua y de los llibrets de Fallas, en especial los que elaboran las comisiones de la ciudad.<\/p>\n\n\n\n<p>\u201cUna de las cosas que nos caracteriza es la tradici\u00f3n y la cultura que hemos heredado. Y dentro de esta herencia est\u00e1 nuestra lengua. Nuestra lengua es ingobernable, la lengua es nuestra identidad, y por suerte, y con orgullo, las seis fallas se caracterizan para mostrar por todas partes que somos un gran referente. Seguimos difundiendo nuestra lengua y continuamos pasando la herencia a nuestra chiquiller\u00eda\u201d, expres\u00f3 desde el balc\u00f3n Gemma Altur.<\/p>\n\n\n\n<p>Con el Himno de Tavernes de la Valldigna y el de la Comunitat Valenciana acab\u00f3 la fiesta en la plaza Major, que continu\u00f3 con un castillo de fuegos artificiales en el paseo del Pa\u00eds Valenci\u00e0. La fiesta acab\u00f3 con la cena de hermandad y el pr\u00f3ximo s\u00e1bado las fallas de Tavernes celebrar\u00e1n la cabalgata&nbsp;del&nbsp;Ninot.<\/p>\n","protected":false},"excerpt":{"rendered":"<p>Gemma Altur, fallera mayor de Tavernes, recibe la llave de la ciudad.<\/p>\n","protected":false},"author":1,"featured_media":2813,"comment_status":"open","ping_status":"open","sticky":false,"template":"","format":"standard","meta":{"footnotes":""},"categories":[1,27],"tags":[],"class_list":["post-2827","post","type-post","status-publish","format-standard","has-post-thumbnail","hentry","category-actualidad","category-sociedad"],"_links":{"self":[{"href":"https:\/\/infogandia.es\/index.php\/wp-json\/wp\/v2\/posts\/2827","targetHints":{"allow":["GET"]}}],"collection":[{"href":"https:\/\/infogandia.es\/index.php\/wp-json\/wp\/v2\/posts"}],"about":[{"href":"https:\/\/infogandia.es\/index.php\/wp-json\/wp\/v2\/types\/post"}],"author":[{"embeddable":true,"href":"https:\/\/infogandia.es\/index.php\/wp-json\/wp\/v2\/users\/1"}],"replies":[{"embeddable":true,"href":"https:\/\/infogandia.es\/index.php\/wp-json\/wp\/v2\/comments?post=2827"}],"version-history":[{"count":1,"href":"https:\/\/infogandia.es\/index.php\/wp-json\/wp\/v2\/posts\/2827\/revisions"}],"predecessor-version":[{"id":2828,"href":"https:\/\/infogandia.es\/index.php\/wp-json\/wp\/v2\/posts\/2827\/revisions\/2828"}],"wp:featuredmedia":[{"embeddable":true,"href":"https:\/\/infogandia.es\/index.php\/wp-json\/wp\/v2\/media\/2813"}],"wp:attachment":[{"href":"https:\/\/infogandia.es\/index.php\/wp-json\/wp\/v2\/media?parent=2827"}],"wp:term":[{"taxonomy":"category","embeddable":true,"href":"https:\/\/infogandia.es\/index.php\/wp-json\/wp\/v2\/categories?post=2827"},{"taxonomy":"post_tag","embeddable":true,"href":"https:\/\/infogandia.es\/index.php\/wp-json\/wp\/v2\/tags?post=2827"}],"curies":[{"name":"wp","href":"https:\/\/api.w.org\/{rel}","templated":true}]}}