{"id":2829,"date":"2024-02-12T17:54:33","date_gmt":"2024-02-12T17:54:33","guid":{"rendered":"https:\/\/infogandia.es\/?p=2829"},"modified":"2024-02-12T17:54:34","modified_gmt":"2024-02-12T17:54:34","slug":"mas-de-la-mitad-de-los-hoteles-de-gandia-estan-actualmente-cerrados","status":"publish","type":"post","link":"https:\/\/infogandia.es\/index.php\/2024\/02\/12\/mas-de-la-mitad-de-los-hoteles-de-gandia-estan-actualmente-cerrados\/","title":{"rendered":"M\u00e1s de la mitad de los hoteles de Gandia est\u00e1n actualmente cerrados"},"content":{"rendered":"\n<p>Gandia ciudad tur\u00edstica de referencia en Espa\u00f1a y con casi todos los hoteles cerrados. La capital de la Safor cuenta con 26 establecimientos de este tipo, de los que pocos se arriesgan a seguir abiertos en invierno, dado que no hay clientes ni para cubrir los gastos. En estos momentos hay 17 locales cerrados, pero hasta hace unos d\u00edas eran 20, dado que acaban de abrir tres para iniciar los preparativos de cara a la llegada del buen tiempo.<\/p>\n\n\n\n<p>El portavoz adjunto del Partido Popular, David Ronda, ha sido quien ha revelado estos datos y ha denunciado la situaci\u00f3n tur\u00edstica de Gandia, cargando contra el alcalde de Gandia, Jos\u00e9 Manuel Prieto, y la edil de Turismo, Balbina Sendra, por no buscar remedio para permanezcan abiertos m\u00e1s hoteles y crear as\u00ed empleo en Gandia durante los meses de invierno.<\/p>\n\n\n\n<p>Los populares lamentan que tras \u00abFitur las pol\u00edticas tur\u00edsticas de Prieto sigan igual que estos \u00faltimos ocho a\u00f1os, no hacen nada por paliar y ayudar al sector hotelero de la ciudad, se sigue con la pol\u00edtica de las fotos y los anuncios, pero sin nada de gesti\u00f3n\u00bb.<\/p>\n\n\n\n<p>\u00abNuestra ciudad cuenta con m\u00e1s de 25 hoteles, entre la ciudad y la playa, el 90% de todos ellos se ven abocados al cierre tras la temporada estival, lo que conlleva efectos negativos, sube el paro, dejamos de ser un atractivo tur\u00edstico, pero tambi\u00e9n se deja de ingresar dinero en la ciudad\u00bb, ha precisado Ronda.<\/p>\n\n\n\n<p>Los 26 hoteles de Gandia suponen alrededor de siete mil plazas, el 90% cierran tras el verano, esto tiene repercusiones muy negativas, no s\u00f3lo a la econom\u00eda local, sino tambi\u00e9n en el d\u00eda a d\u00eda en general. La falta de alojamiento disponible puede disuadir a los turistas de visitar la ciudad durante otras \u00e9pocas del a\u00f1o, lo que resulta en una disminuci\u00f3n de ingresos para los negocios locales y una p\u00e9rdida de oportunidades de empleo para los gandienses.<\/p>\n\n\n\n<p>Adem\u00e1s, puede socavar en los esfuerzos de promoci\u00f3n tur\u00edstica de la ciudad y reducir su atractivo como destino tur\u00edstico en general: \u00abComo ciudad poseemos todos los atractivos que los turistas buscan, desde la temperatura c\u00e1lida, el gran patrimonio local, as\u00ed como los parajes naturales que nos envuelven, sin olvidar la gastronom\u00eda aut\u00f3ctona\u00bb.<br>Pero el portavoz adjunto del PP tambi\u00e9n culpa de forma directa a la titular de Turismo de Gandia. \u00abBalbina Sendra deber\u00eda ir de feria en feria tur\u00edstica, reuni\u00e9ndose con los turoperadores, buscando y cerrando acuerdos para atraer turistas a Gandia, uno de los destinos de la California europea, la Comunitat Valenciana. Mientras tanto, vemos como siguen aumentando el turismo europeo en ciudades como X\u00e0bia y Calpe, donde siguen abriendo hoteles, con trabajo todo el a\u00f1o\u00bb.<\/p>\n\n\n\n<p>\u00abGandia cuenta con una playa de m\u00e1s de ocho kil\u00f3metros, con un puerto, nuestro patrimonio del Palacio Ducal o el Castell del Bair\u00e9n\u00bb, ha precisado Ronda, y ha a\u00f1adido: \u00abEs un destino inigualable, ya que tenemos a menos de una hora el aeropuerto de valencia, as\u00ed como conexi\u00f3n de tren directo con el Grau y la Playa\u00bb.<br>El Grupo Municipal quiere que se act\u00fae frente al problema de manera urgente y efectiva, que sean capaces de trabajar juntamente con los hoteleros, en busca de los visitantes y poder dar un servicio anual de calidad y sin cierres temporales.<br>Para concluir el portavoz adjunto ha indicado: \u00abPrieto deber\u00eda dar m\u00e1s cancha a la concejal de Turismo y que trabaje con las pol\u00edticas que ella si cree, que deje de cortarle alas a la gesti\u00f3n tur\u00edstica&nbsp;de&nbsp;la&nbsp;ciudad\u00bb.<\/p>\n","protected":false},"excerpt":{"rendered":"<p>M\u00e1s de la mitad de los hoteles de Gandia est\u00e1n actualmente cerrados. <\/p>\n","protected":false},"author":1,"featured_media":2814,"comment_status":"open","ping_status":"open","sticky":false,"template":"","format":"standard","meta":{"footnotes":""},"categories":[1,6,3],"tags":[],"class_list":["post-2829","post","type-post","status-publish","format-standard","has-post-thumbnail","hentry","category-actualidad","category-economia","category-politica"],"_links":{"self":[{"href":"https:\/\/infogandia.es\/index.php\/wp-json\/wp\/v2\/posts\/2829","targetHints":{"allow":["GET"]}}],"collection":[{"href":"https:\/\/infogandia.es\/index.php\/wp-json\/wp\/v2\/posts"}],"about":[{"href":"https:\/\/infogandia.es\/index.php\/wp-json\/wp\/v2\/types\/post"}],"author":[{"embeddable":true,"href":"https:\/\/infogandia.es\/index.php\/wp-json\/wp\/v2\/users\/1"}],"replies":[{"embeddable":true,"href":"https:\/\/infogandia.es\/index.php\/wp-json\/wp\/v2\/comments?post=2829"}],"version-history":[{"count":1,"href":"https:\/\/infogandia.es\/index.php\/wp-json\/wp\/v2\/posts\/2829\/revisions"}],"predecessor-version":[{"id":2830,"href":"https:\/\/infogandia.es\/index.php\/wp-json\/wp\/v2\/posts\/2829\/revisions\/2830"}],"wp:featuredmedia":[{"embeddable":true,"href":"https:\/\/infogandia.es\/index.php\/wp-json\/wp\/v2\/media\/2814"}],"wp:attachment":[{"href":"https:\/\/infogandia.es\/index.php\/wp-json\/wp\/v2\/media?parent=2829"}],"wp:term":[{"taxonomy":"category","embeddable":true,"href":"https:\/\/infogandia.es\/index.php\/wp-json\/wp\/v2\/categories?post=2829"},{"taxonomy":"post_tag","embeddable":true,"href":"https:\/\/infogandia.es\/index.php\/wp-json\/wp\/v2\/tags?post=2829"}],"curies":[{"name":"wp","href":"https:\/\/api.w.org\/{rel}","templated":true}]}}