{"id":2831,"date":"2024-02-12T17:55:52","date_gmt":"2024-02-12T17:55:52","guid":{"rendered":"https:\/\/infogandia.es\/?p=2831"},"modified":"2024-02-12T17:55:52","modified_gmt":"2024-02-12T17:55:52","slug":"fallece-joan-cardona-todo-un-referente-de-la-arqueologia-en-gandia-y-la-safor","status":"publish","type":"post","link":"https:\/\/infogandia.es\/index.php\/2024\/02\/12\/fallece-joan-cardona-todo-un-referente-de-la-arqueologia-en-gandia-y-la-safor\/","title":{"rendered":"Fallece Joan Cardona, todo un referente de la arqueolog\u00eda en Gandia y la Safor"},"content":{"rendered":"\n<p>Joan Cardona Escriv\u00e0, uno de los referentes de Gandia y la Safor en el mundo de la arqueolog\u00eda, ha fallecido esta madrugada, a la edad de 63 a\u00f1os, tras complicarse una enfermedad que sufr\u00eda desde hace tiempo.<\/p>\n\n\n\n<p>El arque\u00f3logo figura entre las personas que con m\u00e1s pasi\u00f3n defendi\u00f3 los restos antiguos y las acciones para preservarlos de la destrucci\u00f3n o el expolio. En el a\u00f1o 1985, reci\u00e9n terminados sus estudios, logr\u00f3 el puesto para dirigir la colecci\u00f3n arqueol\u00f3gica del Ayuntamiento de Gandia, que entonces era una especie de almac\u00e9n visitable situado en una de las dependencias del antiguo convento de Sant Roc, en la plaza del Rei Jaume I.<\/p>\n\n\n\n<p>Durante a\u00f1os trabaj\u00f3 con pasi\u00f3n y devoci\u00f3n para dignificar esa labor de detectar, excavar e investigar los restos hist\u00f3ricos que se encontraban en el subsuelo, y fue su esfuerzo y dedicaci\u00f3n la que permiti\u00f3 crear y abrir el Museu Arqueol\u00f2gic de Gandia (MAGa), que hoy es un referente en la Comunitat Valenciana.<\/p>\n\n\n\n<p>Joan Cardona no solo se caracteriz\u00f3 durante su vida profesional por preservar los vestigios del pasado, sino que logr\u00f3 &#8220;proteger&#8221; todo el n\u00facleo antiguo de la ciudad de Gandia para que antes de llevar a cabo alg\u00fan movimiento de tierra, se explorara si exist\u00edan restos arqueol\u00f3gicos.<\/p>\n\n\n\n<p>De la misma manera, fue un entusiasta en la b\u00fasqueda de ese pasado olvidado. Invirti\u00f3 tiempo y recursos visitando decenas de cuevas, en Gandia, en el resto de la Safor y en muchas otras comarcas, para detectar la presencia de pinturas o grabados antiguos. M\u00e9rito suyo es que muchos de esos elementos se hayan podido conocer y proteger.<\/p>\n\n\n\n<p>Despu\u00e9s de a\u00f1os de dedicaci\u00f3n, cuando comenz\u00f3 a sufrir algunos problemas de salud, Joan Cardona se retir\u00f3. Era a finales del a\u00f1o 2018, pero \u00e9l nunca dej\u00f3 de pensar en sus piedras, de defender la investigaci\u00f3n de cualquier resto enterrado, de descubrir c\u00f3mo hablan los huesos, de reconstruir la historia en cada yacimiento oculto bajo toneladas de tierra o debajo de edificios.<\/p>\n\n\n\n<p>Maria, la hija de Joan, ha comunicado que la capilla ardiente ha quedado instalada desde este mediod\u00eda en el Tanatoni Guixa&nbsp;de&nbsp;Gandia.<\/p>\n","protected":false},"excerpt":{"rendered":"<p>Joan Cardona Escriv\u00e0, uno de los referentes de Gandia y la Safor en el mundo de la arqueolog\u00eda, ha fallecido esta madrugada, a la edad de 63 a\u00f1os, tras complicarse una enfermedad que sufr\u00eda desde hace tiempo. El arque\u00f3logo figura entre las personas que con m\u00e1s pasi\u00f3n defendi\u00f3 los restos antiguos y las acciones para&#8230;<\/p>\n","protected":false},"author":1,"featured_media":2815,"comment_status":"open","ping_status":"open","sticky":false,"template":"","format":"standard","meta":{"footnotes":""},"categories":[1,27],"tags":[],"class_list":["post-2831","post","type-post","status-publish","format-standard","has-post-thumbnail","hentry","category-actualidad","category-sociedad"],"_links":{"self":[{"href":"https:\/\/infogandia.es\/index.php\/wp-json\/wp\/v2\/posts\/2831","targetHints":{"allow":["GET"]}}],"collection":[{"href":"https:\/\/infogandia.es\/index.php\/wp-json\/wp\/v2\/posts"}],"about":[{"href":"https:\/\/infogandia.es\/index.php\/wp-json\/wp\/v2\/types\/post"}],"author":[{"embeddable":true,"href":"https:\/\/infogandia.es\/index.php\/wp-json\/wp\/v2\/users\/1"}],"replies":[{"embeddable":true,"href":"https:\/\/infogandia.es\/index.php\/wp-json\/wp\/v2\/comments?post=2831"}],"version-history":[{"count":1,"href":"https:\/\/infogandia.es\/index.php\/wp-json\/wp\/v2\/posts\/2831\/revisions"}],"predecessor-version":[{"id":2832,"href":"https:\/\/infogandia.es\/index.php\/wp-json\/wp\/v2\/posts\/2831\/revisions\/2832"}],"wp:featuredmedia":[{"embeddable":true,"href":"https:\/\/infogandia.es\/index.php\/wp-json\/wp\/v2\/media\/2815"}],"wp:attachment":[{"href":"https:\/\/infogandia.es\/index.php\/wp-json\/wp\/v2\/media?parent=2831"}],"wp:term":[{"taxonomy":"category","embeddable":true,"href":"https:\/\/infogandia.es\/index.php\/wp-json\/wp\/v2\/categories?post=2831"},{"taxonomy":"post_tag","embeddable":true,"href":"https:\/\/infogandia.es\/index.php\/wp-json\/wp\/v2\/tags?post=2831"}],"curies":[{"name":"wp","href":"https:\/\/api.w.org\/{rel}","templated":true}]}}