{"id":2849,"date":"2024-02-13T19:08:42","date_gmt":"2024-02-13T19:08:42","guid":{"rendered":"https:\/\/infogandia.es\/?p=2849"},"modified":"2024-02-13T19:08:42","modified_gmt":"2024-02-13T19:08:42","slug":"la-tarde-de-ayer-estuvo-marcada-por-dos-incendios-en-la-safor","status":"publish","type":"post","link":"https:\/\/infogandia.es\/index.php\/2024\/02\/13\/la-tarde-de-ayer-estuvo-marcada-por-dos-incendios-en-la-safor\/","title":{"rendered":"La tarde de ayer estuvo marcada por dos incendios en la Safor"},"content":{"rendered":"\n<p>El primero y m\u00e1s escandaloso se produjo en el marjal de Xeresa a eso de las tres de la tarde y oblig\u00f3, por la gran humareda y el peligro, a cortar al tr\u00e1fico la carretera Nazaret-Oliva en direcci\u00f3n a Xeraco. Las llamas devastaron una parte de vegetaci\u00f3n del marjal y las tareas se complicaron por el fuerte viento que soplaba durante la tarde.<\/p>\n\n\n\n<p>Hasta el lugar acudieron Polic\u00eda Local y Guardia Civil as\u00ed como tres dotaciones de Bomberos de Gandia y de Oliva; un sargento de Gandia; dos brigadas forestales BRIFO del Consorcio; un jefe de sector; unidades de Bomberos forestales de la Generalitat as\u00ed como dos medios a\u00e9reos. Un avi\u00f3n en ruta de vigilancia se desvi\u00f3 para colaborar en la extinci\u00f3n. Tras una ardua labor, las llamas se dieron por controladas a las 19.16 horas.<\/p>\n\n\n\n<p>El segundo incendio en la Safor ocurri\u00f3 tambi\u00e9n ayer sobre las tres de la tarde en la zona del Barranc de Malets, en Simat de la Valldigna, y hasta all\u00ed se desplazaron junto con Polic\u00eda Local y Guardia Civil dos unidades de Bomberos forestales de la Generalitat, una de ellas helitransportada, y una autobomba, as\u00ed como la Unidad de Prevenci\u00f3n de Incendios Forestales; un capataz; y una BRIFO, siendo controlado a las&nbsp;19.04&nbsp;horas.<\/p>\n","protected":false},"excerpt":{"rendered":"<p>La tarde de ayer estuvo marcada por dos incendios en la Safor.<\/p>\n","protected":false},"author":1,"featured_media":2844,"comment_status":"open","ping_status":"open","sticky":false,"template":"","format":"standard","meta":{"footnotes":""},"categories":[1,27],"tags":[],"class_list":["post-2849","post","type-post","status-publish","format-standard","has-post-thumbnail","hentry","category-actualidad","category-sociedad"],"_links":{"self":[{"href":"https:\/\/infogandia.es\/index.php\/wp-json\/wp\/v2\/posts\/2849","targetHints":{"allow":["GET"]}}],"collection":[{"href":"https:\/\/infogandia.es\/index.php\/wp-json\/wp\/v2\/posts"}],"about":[{"href":"https:\/\/infogandia.es\/index.php\/wp-json\/wp\/v2\/types\/post"}],"author":[{"embeddable":true,"href":"https:\/\/infogandia.es\/index.php\/wp-json\/wp\/v2\/users\/1"}],"replies":[{"embeddable":true,"href":"https:\/\/infogandia.es\/index.php\/wp-json\/wp\/v2\/comments?post=2849"}],"version-history":[{"count":1,"href":"https:\/\/infogandia.es\/index.php\/wp-json\/wp\/v2\/posts\/2849\/revisions"}],"predecessor-version":[{"id":2850,"href":"https:\/\/infogandia.es\/index.php\/wp-json\/wp\/v2\/posts\/2849\/revisions\/2850"}],"wp:featuredmedia":[{"embeddable":true,"href":"https:\/\/infogandia.es\/index.php\/wp-json\/wp\/v2\/media\/2844"}],"wp:attachment":[{"href":"https:\/\/infogandia.es\/index.php\/wp-json\/wp\/v2\/media?parent=2849"}],"wp:term":[{"taxonomy":"category","embeddable":true,"href":"https:\/\/infogandia.es\/index.php\/wp-json\/wp\/v2\/categories?post=2849"},{"taxonomy":"post_tag","embeddable":true,"href":"https:\/\/infogandia.es\/index.php\/wp-json\/wp\/v2\/tags?post=2849"}],"curies":[{"name":"wp","href":"https:\/\/api.w.org\/{rel}","templated":true}]}}