{"id":2864,"date":"2024-02-14T11:35:53","date_gmt":"2024-02-14T11:35:53","guid":{"rendered":"https:\/\/infogandia.es\/?p=2864"},"modified":"2024-02-14T11:35:53","modified_gmt":"2024-02-14T11:35:53","slug":"el-barri-del-raval-celebrara-el-seu-tradicional-porrat-aquest-cap-de-setmana","status":"publish","type":"post","link":"https:\/\/infogandia.es\/index.php\/2024\/02\/14\/el-barri-del-raval-celebrara-el-seu-tradicional-porrat-aquest-cap-de-setmana\/","title":{"rendered":"El barri del Raval celebrar\u00e0 el seu tradicional Porrat aquest cap de setmana"},"content":{"rendered":"\n<p>La edil y presidenta de la Junta de Distrito del Raval, Maribel Codina; el presidente de la Asociaci\u00f3n de Vecinos, Diego Morant, y su tesorero, Paco Perell\u00f3, presentaron hoy la nueva edici\u00f3n del Porrat del barrio, que tendr\u00e1 lugar del 16 al 18 de febrero.<\/p>\n\n\n\n<p>El programa empezar\u00e1 a las 18 horas del viernes, momento en el que se abrir\u00e1n tanto las atracciones de la feria como el mercado tradicional. No ser\u00e1, sin embargo, hasta las 12 horas del s\u00e1bado cuando tendr\u00e1 lugar el preg\u00f3n inaugural, que se celebrar\u00e1 en la plaza de Sant Josep.<\/p>\n\n\n\n<p>Despu\u00e9s, habr\u00e1 una exhibici\u00f3n canina a cargo de la Asociaci\u00f3n Kuman y, a las 14 horas, la Asociaci\u00f3n de Moros del Raval servir\u00e1 un puchero, cuyo precio ser\u00e1 de 14 euros por persona, en el patio de la Casa de la Marquesa.<\/p>\n\n\n\n<p>A las 17 horas, el alumnado de la academia Dance Room bailar\u00e1 en la plaza del Prado. A las 19 horas, arrancar\u00e1 la actuaci\u00f3n del grupo M\u00edster Globo, que estar\u00e1 en el mismo sitio que el espect\u00e1culo anterior. &#8220;Uno de los integrantes es del barrio, lo que nos hace mucha ilusi\u00f3n porque siempre intentamos que quienes act\u00faan sean parte del vecindario&#8221;, ha comentado Morant.<\/p>\n\n\n\n<p>Para acabar el d\u00eda, se llevar\u00e1 a cabo la ya t\u00edpica cena de \u00abEnamorats\u00bb, que costar\u00e1 14 euros. Por su parte, Perell\u00f3 ha explicado que &#8220;es algo que se hace cada a\u00f1o y siempre insistimos en que, tanto las comidas como las cenas, son para toda la ciudadan\u00eda, no s\u00f3lo para la gente del Raval&#8221;.<\/p>\n\n\n\n<p>El domingo empezar\u00e1 a las 12.15 horas con la tradicional ofrenda a San Jos\u00e9 y el posterior &#8216;sarau&#8217;, que contar\u00e1 con la actuaci\u00f3n de la Rondalla Agredol\u00e7, y ser\u00e1 entre las 13 y las 14.30 horas en la plaza del Prado.<\/p>\n\n\n\n<p>Las paellas, que se realizar\u00e1n en el patio de la Casa de la Marquesa y se comer\u00e1n, aproximadamente, a las 14.30 horas, ser\u00e1n las encargadas de poner el punto final a las fiestas del distrito. En ese caso, participar costar\u00e1 9 euros.<\/p>\n\n\n\n<p>Por \u00faltimo, Morant ha agradecido al Ayuntamiento ya todas las asociaciones y grupos participantes su ayuda y apoyo, y ha recordado que, para reservar plaza en alguna de las tres comidas, las personas interesadas deben telefonear al n\u00famero de tel\u00e9fono 696 625 758 o&nbsp;al&nbsp;620&nbsp;017&nbsp;669.<\/p>\n","protected":false},"excerpt":{"rendered":"<p>El barri del Raval celebrar\u00e0 el seu tradicional Porrat aquest cap de setmana<\/p>\n","protected":false},"author":1,"featured_media":2856,"comment_status":"open","ping_status":"open","sticky":false,"template":"","format":"standard","meta":{"footnotes":""},"categories":[1,27,57],"tags":[],"class_list":["post-2864","post","type-post","status-publish","format-standard","has-post-thumbnail","hentry","category-actualidad","category-sociedad","category-turismo"],"_links":{"self":[{"href":"https:\/\/infogandia.es\/index.php\/wp-json\/wp\/v2\/posts\/2864","targetHints":{"allow":["GET"]}}],"collection":[{"href":"https:\/\/infogandia.es\/index.php\/wp-json\/wp\/v2\/posts"}],"about":[{"href":"https:\/\/infogandia.es\/index.php\/wp-json\/wp\/v2\/types\/post"}],"author":[{"embeddable":true,"href":"https:\/\/infogandia.es\/index.php\/wp-json\/wp\/v2\/users\/1"}],"replies":[{"embeddable":true,"href":"https:\/\/infogandia.es\/index.php\/wp-json\/wp\/v2\/comments?post=2864"}],"version-history":[{"count":1,"href":"https:\/\/infogandia.es\/index.php\/wp-json\/wp\/v2\/posts\/2864\/revisions"}],"predecessor-version":[{"id":2865,"href":"https:\/\/infogandia.es\/index.php\/wp-json\/wp\/v2\/posts\/2864\/revisions\/2865"}],"wp:featuredmedia":[{"embeddable":true,"href":"https:\/\/infogandia.es\/index.php\/wp-json\/wp\/v2\/media\/2856"}],"wp:attachment":[{"href":"https:\/\/infogandia.es\/index.php\/wp-json\/wp\/v2\/media?parent=2864"}],"wp:term":[{"taxonomy":"category","embeddable":true,"href":"https:\/\/infogandia.es\/index.php\/wp-json\/wp\/v2\/categories?post=2864"},{"taxonomy":"post_tag","embeddable":true,"href":"https:\/\/infogandia.es\/index.php\/wp-json\/wp\/v2\/tags?post=2864"}],"curies":[{"name":"wp","href":"https:\/\/api.w.org\/{rel}","templated":true}]}}