{"id":2866,"date":"2024-02-14T11:36:29","date_gmt":"2024-02-14T11:36:29","guid":{"rendered":"https:\/\/infogandia.es\/?p=2866"},"modified":"2024-02-14T11:36:30","modified_gmt":"2024-02-14T11:36:30","slug":"rotova-camina-una-iniciativa-que-fomenta-los-paseos-saludables-en-grupo","status":"publish","type":"post","link":"https:\/\/infogandia.es\/index.php\/2024\/02\/14\/rotova-camina-una-iniciativa-que-fomenta-los-paseos-saludables-en-grupo\/","title":{"rendered":"\u2018R\u00f3tova Camina\u2019, una iniciativa que fomenta los paseos saludables\u00a0en\u00a0grupo"},"content":{"rendered":"\n<p>R\u00f3tova se suma as\u00ed en los otros municipios de la comarca que ya la han puesto en marcha (Gandia, Oliva, Tavernes de la Valldigna, Villalonga, Barx, Bellreguard, Almoines, Daim\u00fas, La Font d&#8217;en Carr\u00f2s, Miramar, Real de Gandia, Castell\u00f3 de Rugat, Benifair\u00f3 de la Valldigna, Piles, Simat de la Valldigna, Xeraco y Rafelcofer) dentro de la estrategia de promoci\u00f3n de la salud en el entorno comunitario.<\/p>\n\n\n\n<p>Se trata de un programa de salidas semanales en grupo por el municipio con el principal objetivo de promover actividades que mejoran la salud y el bienestar. Las salidas se realizan los martes y los viernes a las 9:30 horas desde el consultorio m\u00e9dico, con paradas en varios puntos de la localidad, y con una duraci\u00f3n de una hora aproximadamente.<\/p>\n\n\n\n<p>Las persones participantes van acompa\u00f1adas por un monitor especializado y por profesionales sanitarios, que los gu\u00edan en las caminatas a la vez que indican otras actividades que benefician la salud.<\/p>\n\n\n\n<p>La primera salida ser\u00e1 el viernes 16 de febrero a las 9:30 horas desde el centro de salud. Las personas interesadas pueden inscribirse en el mismo centro de salud.<\/p>\n\n\n\n<p>Desde el Departamento de Salud de Gandia, la directora de enfermer\u00eda de Atenci\u00f3n Primaria, Cristina Altur, ha destacado la importancia de estas iniciativas para el fomento del ejercicio f\u00edsico y tambi\u00e9n por el car\u00e1cter socializador&nbsp;del&nbsp;programa.<\/p>\n","protected":false},"excerpt":{"rendered":"<p>R\u00f3tova se suma as\u00ed en los otros municipios de la comarca que ya la han puesto en marcha (Gandia, Oliva, Tavernes de la Valldigna, Villalonga, Barx, Bellreguard, Almoines, Daim\u00fas, La Font d&#8217;en Carr\u00f2s, Miramar, Real de Gandia, Castell\u00f3 de Rugat, Benifair\u00f3 de la Valldigna, Piles, Simat de la Valldigna, Xeraco y Rafelcofer) dentro de la estrategia de promoci\u00f3n de la salud en el entorno comunitario.<\/p>\n<p>Se trata de un programa de salidas semanales en grupo por el municipio con el principal objetivo de promover actividades que mejoran la salud y el bienestar. Las salidas se realizan los martes y los viernes a las 9:30 horas desde el consultorio m\u00e9dico, con paradas en varios puntos de la localidad, y con una duraci\u00f3n de una hora aproximadamente.<\/p>\n<p>Las persones participantes van acompa\u00f1adas por un monitor especializado y por profesionales sanitarios, que los gu\u00edan en las caminatas a la vez que indican otras actividades que benefician la salud.<\/p>\n<p>La primera salida ser\u00e1 el viernes 16 de febrero a las 9:30 horas desde el centro de salud. Las personas interesadas pueden inscribirse en el mismo centro de salud.<\/p>\n<p>Desde el Departamento de Salud de Gandia, la directora de enfermer\u00eda de Atenci\u00f3n Primaria, Cristina Altur, ha destacado la importancia de estas iniciativas para el fomento del ejercicio f\u00edsico y tambi\u00e9n por el car\u00e1cter socializador\u00a0del\u00a0programa<\/p>\n","protected":false},"author":1,"featured_media":2857,"comment_status":"open","ping_status":"open","sticky":false,"template":"","format":"standard","meta":{"footnotes":""},"categories":[1,27],"tags":[],"class_list":["post-2866","post","type-post","status-publish","format-standard","has-post-thumbnail","hentry","category-actualidad","category-sociedad"],"_links":{"self":[{"href":"https:\/\/infogandia.es\/index.php\/wp-json\/wp\/v2\/posts\/2866","targetHints":{"allow":["GET"]}}],"collection":[{"href":"https:\/\/infogandia.es\/index.php\/wp-json\/wp\/v2\/posts"}],"about":[{"href":"https:\/\/infogandia.es\/index.php\/wp-json\/wp\/v2\/types\/post"}],"author":[{"embeddable":true,"href":"https:\/\/infogandia.es\/index.php\/wp-json\/wp\/v2\/users\/1"}],"replies":[{"embeddable":true,"href":"https:\/\/infogandia.es\/index.php\/wp-json\/wp\/v2\/comments?post=2866"}],"version-history":[{"count":1,"href":"https:\/\/infogandia.es\/index.php\/wp-json\/wp\/v2\/posts\/2866\/revisions"}],"predecessor-version":[{"id":2867,"href":"https:\/\/infogandia.es\/index.php\/wp-json\/wp\/v2\/posts\/2866\/revisions\/2867"}],"wp:featuredmedia":[{"embeddable":true,"href":"https:\/\/infogandia.es\/index.php\/wp-json\/wp\/v2\/media\/2857"}],"wp:attachment":[{"href":"https:\/\/infogandia.es\/index.php\/wp-json\/wp\/v2\/media?parent=2866"}],"wp:term":[{"taxonomy":"category","embeddable":true,"href":"https:\/\/infogandia.es\/index.php\/wp-json\/wp\/v2\/categories?post=2866"},{"taxonomy":"post_tag","embeddable":true,"href":"https:\/\/infogandia.es\/index.php\/wp-json\/wp\/v2\/tags?post=2866"}],"curies":[{"name":"wp","href":"https:\/\/api.w.org\/{rel}","templated":true}]}}