{"id":2872,"date":"2024-02-14T11:39:44","date_gmt":"2024-02-14T11:39:44","guid":{"rendered":"https:\/\/infogandia.es\/?p=2872"},"modified":"2024-02-14T11:39:44","modified_gmt":"2024-02-14T11:39:44","slug":"adif-acepta-la-peticion-de-gandia-y-cede-la-explanada-de-la-estacion-al-ayuntamiento","status":"publish","type":"post","link":"https:\/\/infogandia.es\/index.php\/2024\/02\/14\/adif-acepta-la-peticion-de-gandia-y-cede-la-explanada-de-la-estacion-al-ayuntamiento\/","title":{"rendered":"Adif acepta la petici\u00f3n de Gandia y cede la explanada de la estaci\u00f3n al ayuntamiento"},"content":{"rendered":"\n<p>El organismo p\u00fablico Adif (Administrador de Infraestructuras Ferroviarias) firmar\u00e1 en breve con el Ayuntamiento de Gandia la cesi\u00f3n de la gran explanada situada frente a la estaci\u00f3n de Renfe para que todo ese gran espacio, en el centro de la ciudad, sea gestionado por el propio consistorio.<\/p>\n\n\n\n<p>El acuerdo, que se viene fraguando desde hace casi dos a\u00f1os, responde a la petici\u00f3n expresa del municipio, que considera no solo desaprovechada esa superficie, sino que, peor a\u00fan, no ofrece la imagen deseada a los muchos visitantes que llegan en tren a la ciudad.<\/p>\n\n\n\n<p>La intenci\u00f3n del ayuntamiento, que se est\u00e1 concretando ahora en la redacci\u00f3n del protocolo de cesi\u00f3n, es poder acometer en todo ese lugar una remodelaci\u00f3n de espacios, que ahora est\u00e1n ocupados por un p\u00e1rking de coches, otro de motos a veces un tanto desperdigadas, zonas verdes muy poco cuidadas y el paseo central que enfrenta con el acceso a la estaci\u00f3n ferroviaria.<\/p>\n\n\n\n<p>Sumando las zonas verdes del parque de l\u2019Estaci\u00f3 y la que linda con la calle del Magistrat Catal\u00e0, as\u00ed como la ancha calzada de la avenida del Marqu\u00e9s de Campo, se trata de una de las mayores superficies libres de construcci\u00f3n en el centro de Gandia, y el consistorio considera que su imagen puede mejorarse mucho.<br><br>Garantizar el uso de la estaci\u00f3n de autobuses<br>El alcalde Jos\u00e9 Manuel Prieto abord\u00f3 la semana pasada con el presidente de Adif, \u00c1ngel Contreras, los \u00faltimos detalles de la cesi\u00f3n. Tras la reuni\u00f3n en Madrid, Prieto se\u00f1ala que el dise\u00f1o que el ayuntamiento acometer\u00e1 en esa zona deber\u00e1 tener en cuenta la existencia de la estaci\u00f3n de autobuses, situada en superficie, detr\u00e1s del vest\u00edbulo de la estaci\u00f3n de tren, y tambi\u00e9n la existencia de dos salidas de emergencia que dan a espacios p\u00fablicos municipales, pero se mostr\u00f3 convencido de que todo eso es compatible con un embellecimiento de todo el entorno que ser\u00eda financiado por el ayuntamiento, bien con recursos p\u00fablicos o bien aprovechando ayudas de otras administraciones.<br><br>Esta reuni\u00f3n entre Prieto y \u00c1ngel Contreras tambi\u00e9n permiti\u00f3 desbloquear definitivamente la cesi\u00f3n de la antigua estaci\u00f3n de tren del Grau de Gandia, situada en la calle de l\u2019Ermita, adonde no llegan trenes desde que dejaron de entrar los convoyes de mercanc\u00edas al puerto. Hace a\u00f1os ya se produjo una remodelaci\u00f3n de los espacios adyacentes, entre ellos la llamada plaza de les Vies, pero qued\u00f3 pendiente conseguir la titularidad de la estaci\u00f3n. El edificio est\u00e1 muy bien conservado, pero requerir\u00e1 alguna actuaci\u00f3n previa para que el ayuntamiento lo destine al uso p\u00fablico que estime m\u00e1s conveniente.<\/p>\n\n\n\n<p>Reuni\u00f3n con Renfe para adecentar el interior del recinto<\/p>\n\n\n\n<p>Como ocurre con la explanada exterior, la estaci\u00f3n de ferrocarril de Gandia tampoco ofrece la mejor de las im\u00e1genes posibles. En parte porque all\u00ed hay un espacio muy constre\u00f1ido, en parte porque desde hace meses hay unas obras paralizadas junto a las escaleras de acceso a uno de los andenes, y en parte porque la ausencia de locales comerciales, salvo la cafeter\u00eda, lo convierten en un lugar muy poco atractivo.<\/p>\n\n\n\n<p>Ah\u00ed dentro el ayuntamiento no tiene competencias porque es Renfe la que gestiona el tr\u00e1fico ferroviario, pero es su deseo que acaben las obras paralizadas, que se mejore todo el espacio y que, en la medida de lo posible, haya vida comercial.&nbsp;<\/p>\n\n\n\n<p>Al fin y al cabo, se trata de un espacio habitual para miles de personas que son usuarios del ferrocarril, un n\u00famero que se ha incrementado notablemente desde el a\u00f1o pasado gracias a los abonos aprobados por el Gobierno de Espa\u00f1a que permiten viajar pr\u00e1cticamente gratis en toda la red de Cercan\u00edas.<\/p>\n\n\n\n<p>Para colaborar y contribuir en la mejora que la estaci\u00f3n precisa, el alcalde gandiense ha pedido una reuni\u00f3n con el presidente de Renfe, Ra\u00fal Blanco, a quien expondr\u00e1 no solo la actual situaci\u00f3n, sino medidas que pueden&nbsp;adoptarse.<\/p>\n","protected":false},"excerpt":{"rendered":"<p>El organismo p\u00fablico Adif (Administrador de Infraestructuras Ferroviarias) firmar\u00e1 en breve con el Ayuntamiento de Gandia la cesi\u00f3n de la gran explanada situada frente a la estaci\u00f3n de Renfe para que todo ese gran espacio, en el centro de la ciudad, sea gestionado por el propio consistorio. El acuerdo, que se viene fraguando desde hace&#8230;<\/p>\n","protected":false},"author":1,"featured_media":2860,"comment_status":"open","ping_status":"open","sticky":false,"template":"","format":"standard","meta":{"footnotes":""},"categories":[1,27],"tags":[],"class_list":["post-2872","post","type-post","status-publish","format-standard","has-post-thumbnail","hentry","category-actualidad","category-sociedad"],"_links":{"self":[{"href":"https:\/\/infogandia.es\/index.php\/wp-json\/wp\/v2\/posts\/2872","targetHints":{"allow":["GET"]}}],"collection":[{"href":"https:\/\/infogandia.es\/index.php\/wp-json\/wp\/v2\/posts"}],"about":[{"href":"https:\/\/infogandia.es\/index.php\/wp-json\/wp\/v2\/types\/post"}],"author":[{"embeddable":true,"href":"https:\/\/infogandia.es\/index.php\/wp-json\/wp\/v2\/users\/1"}],"replies":[{"embeddable":true,"href":"https:\/\/infogandia.es\/index.php\/wp-json\/wp\/v2\/comments?post=2872"}],"version-history":[{"count":1,"href":"https:\/\/infogandia.es\/index.php\/wp-json\/wp\/v2\/posts\/2872\/revisions"}],"predecessor-version":[{"id":2873,"href":"https:\/\/infogandia.es\/index.php\/wp-json\/wp\/v2\/posts\/2872\/revisions\/2873"}],"wp:featuredmedia":[{"embeddable":true,"href":"https:\/\/infogandia.es\/index.php\/wp-json\/wp\/v2\/media\/2860"}],"wp:attachment":[{"href":"https:\/\/infogandia.es\/index.php\/wp-json\/wp\/v2\/media?parent=2872"}],"wp:term":[{"taxonomy":"category","embeddable":true,"href":"https:\/\/infogandia.es\/index.php\/wp-json\/wp\/v2\/categories?post=2872"},{"taxonomy":"post_tag","embeddable":true,"href":"https:\/\/infogandia.es\/index.php\/wp-json\/wp\/v2\/tags?post=2872"}],"curies":[{"name":"wp","href":"https:\/\/api.w.org\/{rel}","templated":true}]}}