{"id":2889,"date":"2024-02-15T19:38:33","date_gmt":"2024-02-15T19:38:33","guid":{"rendered":"https:\/\/infogandia.es\/?p=2889"},"modified":"2024-02-15T19:38:33","modified_gmt":"2024-02-15T19:38:33","slug":"renfe-invertira-235-000-euros-en-los-trabajos-de-urgencia-para-mejorar-la-estacion-de-tavernes","status":"publish","type":"post","link":"https:\/\/infogandia.es\/index.php\/2024\/02\/15\/renfe-invertira-235-000-euros-en-los-trabajos-de-urgencia-para-mejorar-la-estacion-de-tavernes\/","title":{"rendered":"Renfe invertir\u00e1 235.000 euros en los trabajos de urgencia para mejorar la estaci\u00f3n de Tavernes"},"content":{"rendered":"\n<p>Los trabajos, que cuentan con un presupuesto de 235.000 euros son los siguientes:<br>Ejecuci\u00f3n de las acometidas de saneamiento y abastecimiento de agua.<br>Adecuaci\u00f3n de los sistemas de iluminaci\u00f3n de andenes y zonas de acceso a la estaci\u00f3n.<br>Consolidaci\u00f3n de vallados que impidan el acceso de los usuarios a zonas de obra o cortes inacabados.<br>Adecuaci\u00f3n de los desperfectos ocasionados en la V\u00eda 2 derivados de la constante rebaja del nivel fre\u00e1tico.<br>Ejecuci\u00f3n de los cortes de obra necesarios para la finalizaci\u00f3n del sistema estructural del nuevo paso inferior actualmente inacabado. La consecuci\u00f3n de este hito supondr\u00e1 poder retirar el sistema de bombeig de rebaja del nivel fre\u00e1tico que actualmente es necesario.<\/p>\n\n\n\n<p>Con esta actuaci\u00f3n Renfe cumple con el compromiso que adopt\u00f3 con el Ayuntamiento de Tavernes de la Valldigna en la reuni\u00f3n celebrada hace unos meses en que el Gobierno local pidi\u00f3 una soluci\u00f3n ante la situaci\u00f3n de peligrosidad y riesgo para los usuarios que presenta el estado actual de la estaci\u00f3n de tren. La alcaldesa Lara Romero ha agradecido al delegado institucional de Renfe en la Comunidad Valenciana, Juan Carlos Fulgencio, su inter\u00e9s e implicaci\u00f3n para buscar una soluci\u00f3n r\u00e1pida en los problemas de accesibilidad de la estaci\u00f3n.<\/p>\n\n\n\n<p>\u201cLa situaci\u00f3n de la estaci\u00f3n es una de las preocupaciones m\u00e1s importantes que tenemos en el Ayuntamiento con una obra inacabada que supone un peligro para los usuarios. Ahora, con estos trabajos de urgencia que har\u00e1 Renfe, podremos tener mejores condiciones de iluminaci\u00f3n y accesibilidad en la estaci\u00f3n, y son buenas noticias poder solucionar los problemas, mientras se vuelven a licitar los trabajos y se retoma la obra completa despu\u00e9s de la quiebra de la primera empresa adjudicataria\u201d, ha apuntado la alcaldesa Lara Romero.<\/p>\n\n\n\n<p>Antecedentes de la obra<br>Los trabajos, que incluyen la construcci\u00f3n del paso subterr\u00e1neo peatonal y el nuevo edificio, se iniciaron en julio del a\u00f1o 2021, pero se encuentran paralizados desde enero de 2023 a causa de dificultades econ\u00f3micas de la empresa adjudicataria, Ecisa. Renfe est\u00e1 llevando a cabo las gestiones para la contrataci\u00f3n de una nueva empresa contratista que retome las obras.<\/p>\n\n\n\n<p>En febrero de 2021, Renfe anunci\u00f3 una inversi\u00f3n de 4,4 millones de euros en las obras de mejora de la accesibilidad en la estaci\u00f3n de Tavernes de la Valldigna. Los trabajos incluyen la ejecuci\u00f3n de un paso inferior, la reforma integral del edificio de viajeros y la adecuaci\u00f3n de los andenes. La compa\u00f1\u00eda ejecutar\u00e1 tambi\u00e9n obras de urbanizaci\u00f3n en el exterior del edificio y mejoras en el aparcamiento de la estaci\u00f3n, que contar\u00e1 con casi 300 plazas.<\/p>\n\n\n\n<p>La estaci\u00f3n de Tavernes de la Valldigna pertenece a la l\u00ednea C1 de Cercan\u00eda del N\u00facleo de Val\u00e8ncia y cuenta actualmente con 1.200 viajeros diarios. El fin de las obras supondr\u00e1 una mejora del servicio para los viajeros de las localidades de Tavernes de Valldigna, Benifair\u00f3&nbsp;y&nbsp;Simat.<\/p>\n","protected":false},"excerpt":{"rendered":"<p>Renfe invertir\u00e1 235.000 euros en los trabajos de urgencia para mejorar la estaci\u00f3n de Tavernes.<\/p>\n","protected":false},"author":1,"featured_media":2878,"comment_status":"open","ping_status":"open","sticky":false,"template":"","format":"standard","meta":{"footnotes":""},"categories":[1,6,3],"tags":[],"class_list":["post-2889","post","type-post","status-publish","format-standard","has-post-thumbnail","hentry","category-actualidad","category-economia","category-politica"],"_links":{"self":[{"href":"https:\/\/infogandia.es\/index.php\/wp-json\/wp\/v2\/posts\/2889","targetHints":{"allow":["GET"]}}],"collection":[{"href":"https:\/\/infogandia.es\/index.php\/wp-json\/wp\/v2\/posts"}],"about":[{"href":"https:\/\/infogandia.es\/index.php\/wp-json\/wp\/v2\/types\/post"}],"author":[{"embeddable":true,"href":"https:\/\/infogandia.es\/index.php\/wp-json\/wp\/v2\/users\/1"}],"replies":[{"embeddable":true,"href":"https:\/\/infogandia.es\/index.php\/wp-json\/wp\/v2\/comments?post=2889"}],"version-history":[{"count":1,"href":"https:\/\/infogandia.es\/index.php\/wp-json\/wp\/v2\/posts\/2889\/revisions"}],"predecessor-version":[{"id":2890,"href":"https:\/\/infogandia.es\/index.php\/wp-json\/wp\/v2\/posts\/2889\/revisions\/2890"}],"wp:featuredmedia":[{"embeddable":true,"href":"https:\/\/infogandia.es\/index.php\/wp-json\/wp\/v2\/media\/2878"}],"wp:attachment":[{"href":"https:\/\/infogandia.es\/index.php\/wp-json\/wp\/v2\/media?parent=2889"}],"wp:term":[{"taxonomy":"category","embeddable":true,"href":"https:\/\/infogandia.es\/index.php\/wp-json\/wp\/v2\/categories?post=2889"},{"taxonomy":"post_tag","embeddable":true,"href":"https:\/\/infogandia.es\/index.php\/wp-json\/wp\/v2\/tags?post=2889"}],"curies":[{"name":"wp","href":"https:\/\/api.w.org\/{rel}","templated":true}]}}