{"id":2930,"date":"2024-02-19T17:14:52","date_gmt":"2024-02-19T17:14:52","guid":{"rendered":"https:\/\/infogandia.es\/?p=2930"},"modified":"2024-02-19T17:14:53","modified_gmt":"2024-02-19T17:14:53","slug":"casi-dos-anos-de-carcel-por-abuso-sexual-a-una-chica-que-se-encontraba-en-un-festival-de-musica-de-gandia","status":"publish","type":"post","link":"https:\/\/infogandia.es\/index.php\/2024\/02\/19\/casi-dos-anos-de-carcel-por-abuso-sexual-a-una-chica-que-se-encontraba-en-un-festival-de-musica-de-gandia\/","title":{"rendered":"Casi dos a\u00f1os de c\u00e1rcel por abuso sexual a una chica que se encontraba en un festival de m\u00fasica de Gandia"},"content":{"rendered":"\n<p>La Fiscal\u00eda pide provisionalmente una pena de un a\u00f1o y nueve meses de c\u00e1rcel para un hombre al que se le acusa de un delito de abuso sexual por realizar tocamientos a una chica a la que abord\u00f3 cuando ella caminaba por las inmediaciones de un recinto donde se estaba celebrando un festival de m\u00fasica en verano de 2022.<\/p>\n\n\n\n<p>Los hechos ocurrieron el 17 de julio y tras denunciarlos los agentes detuvieron al agresor que, tras ser puesto a disposici\u00f3n judicial y quedar en libertad con cargos, este jueves a las diez de la ma\u00f1ana se enfrentar\u00e1 a lo que se le acusa, de abusar sexualmente de una joven que acud\u00eda a dicho festival&nbsp;de&nbsp;m\u00fasica.<\/p>\n","protected":false},"excerpt":{"rendered":"<p>Casi dos a\u00f1os de c\u00e1rcel por abuso sexual a una chica que se encontraba en un festival de m\u00fasica de Gandia.<\/p>\n","protected":false},"author":1,"featured_media":2918,"comment_status":"open","ping_status":"open","sticky":false,"template":"","format":"standard","meta":{"footnotes":""},"categories":[1,27],"tags":[],"class_list":["post-2930","post","type-post","status-publish","format-standard","has-post-thumbnail","hentry","category-actualidad","category-sociedad"],"_links":{"self":[{"href":"https:\/\/infogandia.es\/index.php\/wp-json\/wp\/v2\/posts\/2930","targetHints":{"allow":["GET"]}}],"collection":[{"href":"https:\/\/infogandia.es\/index.php\/wp-json\/wp\/v2\/posts"}],"about":[{"href":"https:\/\/infogandia.es\/index.php\/wp-json\/wp\/v2\/types\/post"}],"author":[{"embeddable":true,"href":"https:\/\/infogandia.es\/index.php\/wp-json\/wp\/v2\/users\/1"}],"replies":[{"embeddable":true,"href":"https:\/\/infogandia.es\/index.php\/wp-json\/wp\/v2\/comments?post=2930"}],"version-history":[{"count":1,"href":"https:\/\/infogandia.es\/index.php\/wp-json\/wp\/v2\/posts\/2930\/revisions"}],"predecessor-version":[{"id":2931,"href":"https:\/\/infogandia.es\/index.php\/wp-json\/wp\/v2\/posts\/2930\/revisions\/2931"}],"wp:featuredmedia":[{"embeddable":true,"href":"https:\/\/infogandia.es\/index.php\/wp-json\/wp\/v2\/media\/2918"}],"wp:attachment":[{"href":"https:\/\/infogandia.es\/index.php\/wp-json\/wp\/v2\/media?parent=2930"}],"wp:term":[{"taxonomy":"category","embeddable":true,"href":"https:\/\/infogandia.es\/index.php\/wp-json\/wp\/v2\/categories?post=2930"},{"taxonomy":"post_tag","embeddable":true,"href":"https:\/\/infogandia.es\/index.php\/wp-json\/wp\/v2\/tags?post=2930"}],"curies":[{"name":"wp","href":"https:\/\/api.w.org\/{rel}","templated":true}]}}