{"id":2953,"date":"2024-02-21T17:21:20","date_gmt":"2024-02-21T17:21:20","guid":{"rendered":"https:\/\/infogandia.es\/?p=2953"},"modified":"2024-02-21T17:21:21","modified_gmt":"2024-02-21T17:21:21","slug":"la-diputacio-de-valencia-incrementa-su-apuesta-por-descentralizar-la-formacion-en-los-municipios","status":"publish","type":"post","link":"https:\/\/infogandia.es\/index.php\/2024\/02\/21\/la-diputacio-de-valencia-incrementa-su-apuesta-por-descentralizar-la-formacion-en-los-municipios\/","title":{"rendered":"La Diputaci\u00f3 de Val\u00e8ncia incrementa su apuesta por descentralizar la formaci\u00f3n en los municipios"},"content":{"rendered":"\n<p>El pleno de la Diputaci\u00f3 de Val\u00e8ncia ha aprobado por unanimidad el Plan General de Formaci\u00f3n 2024, que incluye como principal novedad la descentralizaci\u00f3n de parte de las acciones formativas en diferentes municipios de la provincia. En concreto, desde el Servicio de Formaci\u00f3n de la Diputaci\u00f3n de Valencia, se ha previsto la formaci\u00f3n en sedes y espacios cedidos por los ayuntamientos de la provincia de cursos relacionados con \u00e1reas como desarrollo rural, turismo, proyectos europeos o procedimiento administrativo, entre otros.<\/p>\n\n\n\n<p>\u201cDentro de la apuesta que el gobierno provincial presidido por Vicent Momp\u00f3 viene realizando por aproximar la Diputaci\u00f3n a los municipios, consideramos fundamental acercar estos cursos a nuestros pueblos, para as\u00ed facilitar que los trabajadores y trabajadores de los distintos ayuntamientos puedan seguir mejorando su formaci\u00f3n, y, en definitiva, poder ofrecer un mejor servicio a la ciudadan\u00eda\u201d, ha declarado el diputado provincial responsable de Formaci\u00f3n, Ricardo Gabald\u00f3n.<\/p>\n\n\n\n<p>Este Plan de Formaci\u00f3n para 2024 incluye una oferta global de casi 6.000 plazas repartidas entre los casi 200 cursos programados inicialmente, dirigidos a todo el personal perteneciente a la propia Diputaci\u00f3n, a los ayuntamientos y al resto de entidades locales de la provincia. No obstante, el n\u00famero inicial de acciones formativas se puede incrementar a lo largo del a\u00f1o seg\u00fan las necesidades y la demanda existente y a trav\u00e9s del Plan Agrupado de Formaci\u00f3n Continua.<\/p>\n\n\n\n<p>El contenido de los cursos que se impartir\u00e1n durante el presente ejercicio sigue abarcando una gran cantidad de \u00e1mbitos. En cuanto al contenido dirigido a los empleados de los ayuntamientos, cabe destacar el importante cap\u00edtulo dedicado a la formaci\u00f3n relativa a competencias digitales, administraci\u00f3n electr\u00f3nica y transformaci\u00f3n digital. Tambi\u00e9n tienen gran relevancia otras materias como el valenciano, la contrataci\u00f3n, la gesti\u00f3n econ\u00f3mica, la gesti\u00f3n de fondos europeos y la igualdad.<\/p>\n\n\n\n<p>En clave interna sobresale la formaci\u00f3n propuesta por los servicios para el personal de nuevo ingreso en materias como protecci\u00f3n de datos, ciberseguridad, igualdad, protocolo de acoso sexual, prevenci\u00f3n, salud laboral y administraci\u00f3n electr\u00f3nica.<\/p>\n\n\n\n<p>En cuanto a las diferentes modalidades de cursos, se mantiene una importante oferta de cursos en l\u00ednea, lo cual favorece la participaci\u00f3n y permite llevar la formaci\u00f3n a m\u00e1s personal. Tambi\u00e9n se han programado actividades formativas de car\u00e1cter presencial, y destacan las que se realizar\u00e1n en formatos mixtos, online y con videoclases.<\/p>\n\n\n\n<p>Conferencias para cargos electos y nuevo itinerario formativo<\/p>\n\n\n\n<p>El Plan de Formaci\u00f3n 2024 de la Diputaci\u00f3 de Val\u00e8ncia contempla la realizaci\u00f3n de un ciclo de conferencias -DIVALTem\u00e1tica- destinadas a cargos electos (concejales y alcaldes) con las tem\u00e1ticas de mayor actualidad y que mayor inter\u00e9s pueden suscitar para ellos.<\/p>\n\n\n\n<p>Adem\u00e1s, hay que a\u00f1adir un nuevo itinerario formativo a los que se vienen realizando en los \u00faltimos a\u00f1os y que tienen ya una importante implantaci\u00f3n en la provincia, como es el caso de DIVALDirectia para personal con responsabilidades directivas, y DIVALData para responsables de protecci\u00f3n de datos. Se trata del lanzamiento del itinerario formativo DIVALComunica, destinado a todo el personal empleado p\u00fablico con el objetivo de mejorar la comunicaci\u00f3n con la ciudadan\u00eda, tanto en castellano como valenciano, simplificando el lenguaje administrativo.<\/p>\n\n\n\n<p>Todas las acciones formativas ser\u00e1n impartidas por un profesorado experto en las materias de referencia, procedente del \u00e1mbito universitario y tambi\u00e9n del profesional, o bien de la propia administraci\u00f3n provincial y los ayuntamientos. El personal interesado en inscribirse en estos cursos puede hacerlo hasta el pr\u00f3ximo 13 de marzo (inclusive) accediendo al apartado de Teletramitaci\u00f3n de la web de Formaci\u00f3n, a trav\u00e9s del enlace www.dival.es\/formacion<\/p>\n","protected":false},"excerpt":{"rendered":"<p>La Diputaci\u00f3 de Val\u00e8ncia incrementa su apuesta por descentralizar la formaci\u00f3n en los municipios.<\/p>\n","protected":false},"author":1,"featured_media":2951,"comment_status":"open","ping_status":"open","sticky":false,"template":"","format":"standard","meta":{"footnotes":""},"categories":[1,6],"tags":[],"class_list":["post-2953","post","type-post","status-publish","format-standard","has-post-thumbnail","hentry","category-actualidad","category-economia"],"_links":{"self":[{"href":"https:\/\/infogandia.es\/index.php\/wp-json\/wp\/v2\/posts\/2953","targetHints":{"allow":["GET"]}}],"collection":[{"href":"https:\/\/infogandia.es\/index.php\/wp-json\/wp\/v2\/posts"}],"about":[{"href":"https:\/\/infogandia.es\/index.php\/wp-json\/wp\/v2\/types\/post"}],"author":[{"embeddable":true,"href":"https:\/\/infogandia.es\/index.php\/wp-json\/wp\/v2\/users\/1"}],"replies":[{"embeddable":true,"href":"https:\/\/infogandia.es\/index.php\/wp-json\/wp\/v2\/comments?post=2953"}],"version-history":[{"count":1,"href":"https:\/\/infogandia.es\/index.php\/wp-json\/wp\/v2\/posts\/2953\/revisions"}],"predecessor-version":[{"id":2954,"href":"https:\/\/infogandia.es\/index.php\/wp-json\/wp\/v2\/posts\/2953\/revisions\/2954"}],"wp:featuredmedia":[{"embeddable":true,"href":"https:\/\/infogandia.es\/index.php\/wp-json\/wp\/v2\/media\/2951"}],"wp:attachment":[{"href":"https:\/\/infogandia.es\/index.php\/wp-json\/wp\/v2\/media?parent=2953"}],"wp:term":[{"taxonomy":"category","embeddable":true,"href":"https:\/\/infogandia.es\/index.php\/wp-json\/wp\/v2\/categories?post=2953"},{"taxonomy":"post_tag","embeddable":true,"href":"https:\/\/infogandia.es\/index.php\/wp-json\/wp\/v2\/tags?post=2953"}],"curies":[{"name":"wp","href":"https:\/\/api.w.org\/{rel}","templated":true}]}}