{"id":2957,"date":"2024-02-21T17:23:42","date_gmt":"2024-02-21T17:23:42","guid":{"rendered":"https:\/\/infogandia.es\/?p=2957"},"modified":"2024-02-21T17:23:43","modified_gmt":"2024-02-21T17:23:43","slug":"la-joven-detenida-en-gandia-tras-esconder-a-su-hija-en-un-armario-la-degollo-previamente-y-la-metio-en-una-bolsa","status":"publish","type":"post","link":"https:\/\/infogandia.es\/index.php\/2024\/02\/21\/la-joven-detenida-en-gandia-tras-esconder-a-su-hija-en-un-armario-la-degollo-previamente-y-la-metio-en-una-bolsa\/","title":{"rendered":"La joven detenida en Gandia tras esconder a su hija en un armario la degoll\u00f3 previamente y la meti\u00f3 en una bolsa"},"content":{"rendered":"\n<p>Los agentes de la Polic\u00eda Judicial de la Guardia Civil de Gandia no salen de su asombro tras entrevistarse, la madrugada pasada, con una joven de 22 a\u00f1os de edad que acababa de parir y no dec\u00eda d\u00f3nde estaba la criatura.\u00a0Acudi\u00f3 acompa\u00f1ada por sus padres a urgencias del Hospital de Gandia ante la grave hemorragia que sufr\u00eda tras haber dado a luz en casa y, acompa\u00f1ada de sus padres que no sab\u00edan nada, la ginec\u00f3loga que la atendi\u00f3 r\u00e1pidamente supo lo que acababa de ocurrir. Alertada la Polic\u00eda Judicial de la Guardia Civil se person\u00f3 en el centro sanitario para que la madre aclarara lo ocurrido y dijera d\u00f3nde estaba la criatura.\u00a0Tras ser consciente de la situaci\u00f3n revel\u00f3 a los agentes lo ocurrido y les indic\u00f3 d\u00f3nde hab\u00eda sucedido todo y en qu\u00e9 lugar dej\u00f3 sin vida a la peque\u00f1a.\u00a0Al llegar a la vivienda hallaron el cad\u00e1ver de la ni\u00f1a dentro de una bolsa y escondido en el armario. Al abrirlo vieron que, en una primera inspecci\u00f3n ocular, la ni\u00f1a presentaba un corte en el cuello y un fuerte traumatismo en la cabeza, no se sabe si por la ca\u00edda accidental pariendo o de forma intencionada. Ser\u00e1 la autopsia hoy en el IML la que revele las causas exactas del filicidio.\u00a0De inmediato se le comunic\u00f3 que estaba detenida y por ello se asignaron dos agentes a la puerta de la habitaci\u00f3n donde est\u00e1 ingresada la joven para recuperarse de la hemorragia. Estaba previsto que, dependiendo de su estado de salud, pase hoy mi\u00e9rcoles o ma\u00f1ana jueves a disposici\u00f3n del titular del juzgado de Instrucci\u00f3n 2 de Gandia que es el que, en funciones de guardia, orden\u00f3 el levantamiento del cad\u00e1ver de la peque\u00f1a. La Guardia Civil ha informado que pasar\u00e1 ma\u00f1ana jueves a declarar ante el juez que instruye la causa.<\/p>\n","protected":false},"excerpt":{"rendered":"<p>La joven detenida en Gandia tras esconder a su hija en un armario la degoll\u00f3 previamente y la meti\u00f3 en una bolsa.<\/p>\n","protected":false},"author":1,"featured_media":2945,"comment_status":"open","ping_status":"open","sticky":false,"template":"","format":"standard","meta":{"footnotes":""},"categories":[1,27],"tags":[],"class_list":["post-2957","post","type-post","status-publish","format-standard","has-post-thumbnail","hentry","category-actualidad","category-sociedad"],"_links":{"self":[{"href":"https:\/\/infogandia.es\/index.php\/wp-json\/wp\/v2\/posts\/2957","targetHints":{"allow":["GET"]}}],"collection":[{"href":"https:\/\/infogandia.es\/index.php\/wp-json\/wp\/v2\/posts"}],"about":[{"href":"https:\/\/infogandia.es\/index.php\/wp-json\/wp\/v2\/types\/post"}],"author":[{"embeddable":true,"href":"https:\/\/infogandia.es\/index.php\/wp-json\/wp\/v2\/users\/1"}],"replies":[{"embeddable":true,"href":"https:\/\/infogandia.es\/index.php\/wp-json\/wp\/v2\/comments?post=2957"}],"version-history":[{"count":1,"href":"https:\/\/infogandia.es\/index.php\/wp-json\/wp\/v2\/posts\/2957\/revisions"}],"predecessor-version":[{"id":2958,"href":"https:\/\/infogandia.es\/index.php\/wp-json\/wp\/v2\/posts\/2957\/revisions\/2958"}],"wp:featuredmedia":[{"embeddable":true,"href":"https:\/\/infogandia.es\/index.php\/wp-json\/wp\/v2\/media\/2945"}],"wp:attachment":[{"href":"https:\/\/infogandia.es\/index.php\/wp-json\/wp\/v2\/media?parent=2957"}],"wp:term":[{"taxonomy":"category","embeddable":true,"href":"https:\/\/infogandia.es\/index.php\/wp-json\/wp\/v2\/categories?post=2957"},{"taxonomy":"post_tag","embeddable":true,"href":"https:\/\/infogandia.es\/index.php\/wp-json\/wp\/v2\/tags?post=2957"}],"curies":[{"name":"wp","href":"https:\/\/api.w.org\/{rel}","templated":true}]}}