{"id":2965,"date":"2024-02-21T17:28:07","date_gmt":"2024-02-21T17:28:07","guid":{"rendered":"https:\/\/infogandia.es\/?p=2965"},"modified":"2024-02-21T17:28:07","modified_gmt":"2024-02-21T17:28:07","slug":"la-policia-nacional-de-gandia-detiene-a-un-hombre-por-sustraer-147-senales-de-transito-de-la-volta-ciclista-a-la-safor","status":"publish","type":"post","link":"https:\/\/infogandia.es\/index.php\/2024\/02\/21\/la-policia-nacional-de-gandia-detiene-a-un-hombre-por-sustraer-147-senales-de-transito-de-la-volta-ciclista-a-la-safor\/","title":{"rendered":"La Polic\u00eda Nacional de Gandia detiene a un hombre por sustraer 147 se\u00f1ales de tr\u00e1nsito de la \u201cVolta Ciclista a la Safor\u201d"},"content":{"rendered":"\n<p>Agentes de la Polic\u00eda Nacional adscritos a la Comisar\u00eda de Gandia han detenido en la capital de la Safor a un hombre de 40 a\u00f1os, de origen espa\u00f1ol, como \u00a0autor de un delito de hurto, por haber sustra\u00eddo las se\u00f1ales de tr\u00e1nsito de la Volta Ciclista a la Safor que se desarroll\u00f3 el pasado d\u00eda tres de febrero en la comarca y con meta final en Gandia. Se apoder\u00f3 de 147 de las 150 instaladas en un recorrido de 70 kil\u00f3metros.\u00a0Las investigaciones se iniciaron al tener conocimiento los agentes de lo sucedido tras presentar denuncia la organizaci\u00f3n. Al parecer, alguien habr\u00eda sustra\u00eddo las se\u00f1ales direccionales y de peligro de la Volta Ciclista a la Safor en las horas previas a la prueba, concretamente el viernes noche, causando numerosos problemas a los participantes as\u00ed como situaciones de peligro en el desarrollo de la misma.\u00a0Tras la oportunas pesquisas, y la colaboraci\u00f3n de las Polic\u00edas Locales, los los investigadores identificaron plenamente y con im\u00e1genes al \u00a0responsable de los hechos, tras lo cual fue localizado en Gandia y detenido como autor de un delito de hurto.\u00a0El arrestado, sin antecedentes policiales, fue puesto en libertad una vez o\u00eddo en declaraci\u00f3n no sin antes ser advertido de la obligaci\u00f3n de comparecer ante la autoridad judicial cuando fuera requerido para ello.<\/p>\n","protected":false},"excerpt":{"rendered":"<p>La Polic\u00eda Nacional de Gandia detiene a un hombre por sustraer 147 se\u00f1ales de tr\u00e1nsito de la \u201cVolta Ciclista a la Safor\u201d.<\/p>\n","protected":false},"author":1,"featured_media":2950,"comment_status":"open","ping_status":"open","sticky":false,"template":"","format":"standard","meta":{"footnotes":""},"categories":[1,27],"tags":[],"class_list":["post-2965","post","type-post","status-publish","format-standard","has-post-thumbnail","hentry","category-actualidad","category-sociedad"],"_links":{"self":[{"href":"https:\/\/infogandia.es\/index.php\/wp-json\/wp\/v2\/posts\/2965","targetHints":{"allow":["GET"]}}],"collection":[{"href":"https:\/\/infogandia.es\/index.php\/wp-json\/wp\/v2\/posts"}],"about":[{"href":"https:\/\/infogandia.es\/index.php\/wp-json\/wp\/v2\/types\/post"}],"author":[{"embeddable":true,"href":"https:\/\/infogandia.es\/index.php\/wp-json\/wp\/v2\/users\/1"}],"replies":[{"embeddable":true,"href":"https:\/\/infogandia.es\/index.php\/wp-json\/wp\/v2\/comments?post=2965"}],"version-history":[{"count":1,"href":"https:\/\/infogandia.es\/index.php\/wp-json\/wp\/v2\/posts\/2965\/revisions"}],"predecessor-version":[{"id":2966,"href":"https:\/\/infogandia.es\/index.php\/wp-json\/wp\/v2\/posts\/2965\/revisions\/2966"}],"wp:featuredmedia":[{"embeddable":true,"href":"https:\/\/infogandia.es\/index.php\/wp-json\/wp\/v2\/media\/2950"}],"wp:attachment":[{"href":"https:\/\/infogandia.es\/index.php\/wp-json\/wp\/v2\/media?parent=2965"}],"wp:term":[{"taxonomy":"category","embeddable":true,"href":"https:\/\/infogandia.es\/index.php\/wp-json\/wp\/v2\/categories?post=2965"},{"taxonomy":"post_tag","embeddable":true,"href":"https:\/\/infogandia.es\/index.php\/wp-json\/wp\/v2\/tags?post=2965"}],"curies":[{"name":"wp","href":"https:\/\/api.w.org\/{rel}","templated":true}]}}