{"id":2971,"date":"2024-02-21T17:31:08","date_gmt":"2024-02-21T17:31:08","guid":{"rendered":"https:\/\/infogandia.es\/?p=2971"},"modified":"2024-02-21T17:31:08","modified_gmt":"2024-02-21T17:31:08","slug":"la-falla-corea-de-gandia-gana-el-premio-ceic-alfons-el-vell-por-su-llibret","status":"publish","type":"post","link":"https:\/\/infogandia.es\/index.php\/2024\/02\/21\/la-falla-corea-de-gandia-gana-el-premio-ceic-alfons-el-vell-por-su-llibret\/","title":{"rendered":"La falla Corea de Gandia gana el premio CEIC Alfons el Vell por su llibret"},"content":{"rendered":"\n<p>La comisi\u00f3n Sagrada Familia Corea de Gandia se ha alzado con el premio a la mejor calidad literaria 2024 por su llibret, un galard\u00f3n que entrega el CEIC Alfons el Vell. El premio est\u00e1 dotado con 300 euros. La entrega tendr\u00e1 lugar conjuntamente con la del resto de premios literarios de las fallas el pr\u00f3ximo viernes 23 de febrero.<\/p>\n\n\n\n<p>El jurado, formado por Vicenta Llorca Climent, Anna Maria Igualde Garcia y Maria Carmen Fuixench Soler, reunido el 20 de febrero, decidi\u00f3, tras largas deliberaciones otorgar el Premio a la Mejor Calidad Literaria a esta comisi\u00f3n de la secci\u00f3n Especial de la ciudad. El jurado destac\u00f3, sobre todo, la coherencia y la cohesi\u00f3n tem\u00e1tica del libro en su conjunto, como consta en el acta que ha sido remitida por el organismo.<\/p>\n\n\n\n<p>Adem\u00e1s, el jurado pone en valor los llibrets de la falla de la Pla\u00e7a del Mercat por su contenido &#8220;atractivo y cuidado&#8221;; y el de la comisi\u00f3n M\u00e0rtirs por la calidad de la explicaci\u00f3n de su monumento.<\/p>\n\n\n\n<p>Se considera por parte de la entidad muy positivo el recuerdo aparecido en ciertos &#8220;llibrets&#8221; a Vicent Andr\u00e9s Estell\u00e9s en el a\u00f1o en que se conmemora el centenario de su nacimiento. Al mismo tiempo, &#8220;se observa una mejor\u00eda notable e incremento de textos po\u00e9ticos dedicados a las falleras&#8221;, se\u00f1alan desde el CEIC.<\/p>\n","protected":false},"excerpt":{"rendered":"<p>La falla Corea de Gandia gana el premio CEIC Alfons el Vell por su llibret.<\/p>\n","protected":false},"author":1,"featured_media":2947,"comment_status":"open","ping_status":"open","sticky":false,"template":"","format":"standard","meta":{"footnotes":""},"categories":[1],"tags":[],"class_list":["post-2971","post","type-post","status-publish","format-standard","has-post-thumbnail","hentry","category-actualidad"],"_links":{"self":[{"href":"https:\/\/infogandia.es\/index.php\/wp-json\/wp\/v2\/posts\/2971","targetHints":{"allow":["GET"]}}],"collection":[{"href":"https:\/\/infogandia.es\/index.php\/wp-json\/wp\/v2\/posts"}],"about":[{"href":"https:\/\/infogandia.es\/index.php\/wp-json\/wp\/v2\/types\/post"}],"author":[{"embeddable":true,"href":"https:\/\/infogandia.es\/index.php\/wp-json\/wp\/v2\/users\/1"}],"replies":[{"embeddable":true,"href":"https:\/\/infogandia.es\/index.php\/wp-json\/wp\/v2\/comments?post=2971"}],"version-history":[{"count":1,"href":"https:\/\/infogandia.es\/index.php\/wp-json\/wp\/v2\/posts\/2971\/revisions"}],"predecessor-version":[{"id":2972,"href":"https:\/\/infogandia.es\/index.php\/wp-json\/wp\/v2\/posts\/2971\/revisions\/2972"}],"wp:featuredmedia":[{"embeddable":true,"href":"https:\/\/infogandia.es\/index.php\/wp-json\/wp\/v2\/media\/2947"}],"wp:attachment":[{"href":"https:\/\/infogandia.es\/index.php\/wp-json\/wp\/v2\/media?parent=2971"}],"wp:term":[{"taxonomy":"category","embeddable":true,"href":"https:\/\/infogandia.es\/index.php\/wp-json\/wp\/v2\/categories?post=2971"},{"taxonomy":"post_tag","embeddable":true,"href":"https:\/\/infogandia.es\/index.php\/wp-json\/wp\/v2\/tags?post=2971"}],"curies":[{"name":"wp","href":"https:\/\/api.w.org\/{rel}","templated":true}]}}