{"id":2990,"date":"2024-02-23T17:36:09","date_gmt":"2024-02-23T17:36:09","guid":{"rendered":"https:\/\/infogandia.es\/?p=2990"},"modified":"2024-02-23T17:36:09","modified_gmt":"2024-02-23T17:36:09","slug":"gandia-reanuda-su-promocion-tras-la-feria-internacional-de-turismo","status":"publish","type":"post","link":"https:\/\/infogandia.es\/index.php\/2024\/02\/23\/gandia-reanuda-su-promocion-tras-la-feria-internacional-de-turismo\/","title":{"rendered":"Gandia reanuda su promoci\u00f3n tras la Feria Internacional de Turismo"},"content":{"rendered":"\n<p>El departamento de Turismo y Playas y Promoci\u00f3n Econ\u00f3mica del Ayuntamiento de Gandia, particip\u00f3 esta semana en Valencia en dos workshops organizados por la Asociaci\u00f3n Empresarial Valenciana de Agencias de Viajes (AEVAV).<\/p>\n\n\n\n<p>Esta participaci\u00f3n se enmarca dentro de la programaci\u00f3n de Ferias y eventos tur\u00edsticos en los que participa Gandia con el objetivo de consolidarse como destino referente al Mediterr\u00e1neo.<\/p>\n\n\n\n<p>Como cada a\u00f1o, AEVAV ha organizado sus tradicionales talleres sobre productos tur\u00edsticos en las principales ciudades de la Comunitat: Valencia, Alicante y Castell\u00f3n. As\u00ed, los workshops, realizados con la colaboraci\u00f3n de &#8216;Turisme Comunitat Valenciana&#8217;, han dado a conocer a los agentes de viaje, principales objetivos de los destinos, la atractiva oferta de la CV.<\/p>\n\n\n\n<p>Una vez m\u00e1s, la iniciativa ha contado con la participaci\u00f3n de destinos nacionales, extranjeros, empresas de servicios tur\u00edsticos, corredores de seguros y compa\u00f1\u00edas a\u00e9reas, existiendo, de esta forma, m\u00e1s de 200 visitantes.<\/p>\n\n\n\n<p>&#8220;Durante la jornada hemos podido poner en valor nuestros principales atractivos en un mercado que es muy importante, ya que las agencias de viaje tienen un peso importante a la hora de prescribir los destinos que elige el turista final&#8221;, ha manifestado la concejala delegada de Turismo, Balbina Sendra, quien ha recordado que en estos meses se deciden buena parte de las vacaciones de verano por lo que es vital participar en este tipo&nbsp;de&nbsp;eventos.<\/p>\n","protected":false},"excerpt":{"rendered":"<p>El departamento de Turismo y Playas y Promoci\u00f3n Econ\u00f3mica del Ayuntamiento de Gandia, particip\u00f3 esta semana en Valencia en dos workshops organizados por la Asociaci\u00f3n Empresarial Valenciana de Agencias de Viajes (AEVAV). Esta participaci\u00f3n se enmarca dentro de la programaci\u00f3n de Ferias y eventos tur\u00edsticos en los que participa Gandia con el objetivo de consolidarse&#8230;<\/p>\n","protected":false},"author":1,"featured_media":2981,"comment_status":"open","ping_status":"open","sticky":false,"template":"","format":"standard","meta":{"footnotes":""},"categories":[1,27,57],"tags":[],"class_list":["post-2990","post","type-post","status-publish","format-standard","has-post-thumbnail","hentry","category-actualidad","category-sociedad","category-turismo"],"_links":{"self":[{"href":"https:\/\/infogandia.es\/index.php\/wp-json\/wp\/v2\/posts\/2990","targetHints":{"allow":["GET"]}}],"collection":[{"href":"https:\/\/infogandia.es\/index.php\/wp-json\/wp\/v2\/posts"}],"about":[{"href":"https:\/\/infogandia.es\/index.php\/wp-json\/wp\/v2\/types\/post"}],"author":[{"embeddable":true,"href":"https:\/\/infogandia.es\/index.php\/wp-json\/wp\/v2\/users\/1"}],"replies":[{"embeddable":true,"href":"https:\/\/infogandia.es\/index.php\/wp-json\/wp\/v2\/comments?post=2990"}],"version-history":[{"count":1,"href":"https:\/\/infogandia.es\/index.php\/wp-json\/wp\/v2\/posts\/2990\/revisions"}],"predecessor-version":[{"id":2991,"href":"https:\/\/infogandia.es\/index.php\/wp-json\/wp\/v2\/posts\/2990\/revisions\/2991"}],"wp:featuredmedia":[{"embeddable":true,"href":"https:\/\/infogandia.es\/index.php\/wp-json\/wp\/v2\/media\/2981"}],"wp:attachment":[{"href":"https:\/\/infogandia.es\/index.php\/wp-json\/wp\/v2\/media?parent=2990"}],"wp:term":[{"taxonomy":"category","embeddable":true,"href":"https:\/\/infogandia.es\/index.php\/wp-json\/wp\/v2\/categories?post=2990"},{"taxonomy":"post_tag","embeddable":true,"href":"https:\/\/infogandia.es\/index.php\/wp-json\/wp\/v2\/tags?post=2990"}],"curies":[{"name":"wp","href":"https:\/\/api.w.org\/{rel}","templated":true}]}}