{"id":3018,"date":"2024-02-26T17:34:36","date_gmt":"2024-02-26T17:34:36","guid":{"rendered":"https:\/\/infogandia.es\/?p=3018"},"modified":"2024-02-26T17:34:36","modified_gmt":"2024-02-26T17:34:36","slug":"llega-a-gandia-la-x-edicion-del-sona-baixet-fest","status":"publish","type":"post","link":"https:\/\/infogandia.es\/index.php\/2024\/02\/26\/llega-a-gandia-la-x-edicion-del-sona-baixet-fest\/","title":{"rendered":"Llega a Gandia la X edici\u00f3n del &#8216;Sona Baixet Fest\u2019"},"content":{"rendered":"\n<p>La edil delegada de Cultura, Balbina Sendra y la gerente del Teatro del Raval, Isabel Cogollos, han presentado la X edici\u00f3n del Sona Baixet Fest, que tendr\u00e1 lugar entre el pr\u00f3ximo 23 y el 24 de marzo.<\/p>\n\n\n\n<p>&#8220;La idea de esta iniciativa es crear una experiencia intergeneracional, pero basada principalmente en los gustos de los m\u00e1s peque\u00f1os de la ciudad&#8221;, ha destacado Cogollos. Adem\u00e1s, engloba diferentes disciplinas como la m\u00fasica, el teatro, o el trabajo corporal, que pueden ver y gozar todas las personas.<\/p>\n\n\n\n<p>Este a\u00f1o, el festival contar\u00e1 con actuaciones musicales que ir\u00e1n desde el rock con valores del grupo Wilfrid Energ\u00eda Humana hasta Rah-Mon Roma, que enlaza tradici\u00f3n y futuro en sus conciertos. Adem\u00e1s, habr\u00e1 espect\u00e1culos de compa\u00f1\u00edas como Los Fantasmas del Raval o el espacio de acrobacias a\u00e9reas Spiracle, que despu\u00e9s llevar\u00e1 a cabo un taller.<\/p>\n\n\n\n<p>Los asistentes tambi\u00e9n podr\u00e1n disfrutar de la presencia de Rodamons Teatre, que ense\u00f1ar\u00e1 los aspectos m\u00e1s importantes de la psicomotricidad, del taller de humor y malabares de \u00abEl profesor de tenis\u00bb, o de Bego\u00f1a Tena, que actuar\u00e1 para los beb\u00e9s m\u00e1s peque\u00f1os con su funci\u00f3n &#8220;El volc\u00e1n azul&#8221;.<\/p>\n\n\n\n<p>Por si fuera poco, se proyectar\u00e1 la pel\u00edcula &#8216;Zog y los doctores voladores&#8217; en la que, tal y como ha mencionado la gerente \u00abse desmontan los roles de g\u00e9nero\u00bb, y se podr\u00e1 disfrutar en todo momento de la mini-disco de &#8220;El triangulista&#8221;. Por \u00faltimo, habr\u00e1 un apartado gastron\u00f3mico que correr\u00e1 a cargo de Ca Saforaui.<\/p>\n\n\n\n<p>\u201cHemos intentado que todas las actividades sean de agrupaciones de la comarca. Por eso, contamos con la colaboraci\u00f3n de Espurna, que prestar\u00e1 algunos de sus espacios para diversas funciones, y de Ca Saforaui\u201d, ha se\u00f1alado Cogollos.<\/p>\n\n\n\n<p>Por su parte, Sendra ha agradecido todo el trabajo del Teatro del Raval y ha puesto en valor el hecho de que una entidad de la Safor \u201dtrabaje con otras del territorio para dinamizar el tejido asociativo, cultural y comercial de la ciudad y de la su sociedad. Desde el ayuntamiento de Gandia apoyamos este tipo de iniciativas porque van m\u00e1s all\u00e1 de las actividades que normalmente se programan. Creemos que debemos secundar con toda clase de manifestaciones culturales\u201d.<\/p>\n\n\n\n<p>Respecto a los precios, el abono de ambos d\u00edas cuesta 12 euros si se compra de forma anticipada y online, y 16 euros si se consigue en taquilla. Las entradas de un d\u00eda, tienen un precio de 10 euros si se adquieren por la web del festival y de 14 euros si no.<\/p>\n\n\n\n<p>Por \u00faltimo, la gerente ha aprovechado para explicar que los escenarios de cada espect\u00e1culo y la programaci\u00f3n completa pueden consultarse en la p\u00e1gina web Sona&nbsp;Baixet.com.<\/p>\n\n\n\n<figure class=\"wp-block-image size-large\"><img fetchpriority=\"high\" decoding=\"async\" width=\"724\" height=\"1024\" src=\"https:\/\/infogandia.es\/wp-content\/uploads\/2024\/02\/Cartell_A2_sona_baixet-2024-1-724x1024.jpg\" alt=\"\" class=\"wp-image-3019\" srcset=\"https:\/\/infogandia.es\/wp-content\/uploads\/2024\/02\/Cartell_A2_sona_baixet-2024-1-724x1024.jpg 724w, https:\/\/infogandia.es\/wp-content\/uploads\/2024\/02\/Cartell_A2_sona_baixet-2024-1-212x300.jpg 212w, https:\/\/infogandia.es\/wp-content\/uploads\/2024\/02\/Cartell_A2_sona_baixet-2024-1-768x1086.jpg 768w, https:\/\/infogandia.es\/wp-content\/uploads\/2024\/02\/Cartell_A2_sona_baixet-2024-1-1086x1536.jpg 1086w, https:\/\/infogandia.es\/wp-content\/uploads\/2024\/02\/Cartell_A2_sona_baixet-2024-1-1448x2048.jpg 1448w, https:\/\/infogandia.es\/wp-content\/uploads\/2024\/02\/Cartell_A2_sona_baixet-2024-1.jpg 1587w\" sizes=\"(max-width: 724px) 100vw, 724px\" \/><\/figure>\n","protected":false},"excerpt":{"rendered":"<p>Llega a Gandia la X edici\u00f3n del &#8216;Sona Baixet Fest\u2019.<\/p>\n","protected":false},"author":1,"featured_media":3007,"comment_status":"open","ping_status":"open","sticky":false,"template":"","format":"standard","meta":{"footnotes":""},"categories":[1,27,57],"tags":[],"class_list":["post-3018","post","type-post","status-publish","format-standard","has-post-thumbnail","hentry","category-actualidad","category-sociedad","category-turismo"],"_links":{"self":[{"href":"https:\/\/infogandia.es\/index.php\/wp-json\/wp\/v2\/posts\/3018","targetHints":{"allow":["GET"]}}],"collection":[{"href":"https:\/\/infogandia.es\/index.php\/wp-json\/wp\/v2\/posts"}],"about":[{"href":"https:\/\/infogandia.es\/index.php\/wp-json\/wp\/v2\/types\/post"}],"author":[{"embeddable":true,"href":"https:\/\/infogandia.es\/index.php\/wp-json\/wp\/v2\/users\/1"}],"replies":[{"embeddable":true,"href":"https:\/\/infogandia.es\/index.php\/wp-json\/wp\/v2\/comments?post=3018"}],"version-history":[{"count":1,"href":"https:\/\/infogandia.es\/index.php\/wp-json\/wp\/v2\/posts\/3018\/revisions"}],"predecessor-version":[{"id":3020,"href":"https:\/\/infogandia.es\/index.php\/wp-json\/wp\/v2\/posts\/3018\/revisions\/3020"}],"wp:featuredmedia":[{"embeddable":true,"href":"https:\/\/infogandia.es\/index.php\/wp-json\/wp\/v2\/media\/3007"}],"wp:attachment":[{"href":"https:\/\/infogandia.es\/index.php\/wp-json\/wp\/v2\/media?parent=3018"}],"wp:term":[{"taxonomy":"category","embeddable":true,"href":"https:\/\/infogandia.es\/index.php\/wp-json\/wp\/v2\/categories?post=3018"},{"taxonomy":"post_tag","embeddable":true,"href":"https:\/\/infogandia.es\/index.php\/wp-json\/wp\/v2\/tags?post=3018"}],"curies":[{"name":"wp","href":"https:\/\/api.w.org\/{rel}","templated":true}]}}