{"id":3021,"date":"2024-02-26T17:35:08","date_gmt":"2024-02-26T17:35:08","guid":{"rendered":"https:\/\/infogandia.es\/?p=3021"},"modified":"2024-02-26T17:35:15","modified_gmt":"2024-02-26T17:35:15","slug":"las-falleras-mayores-de-gandia-tienen-ya-los-coches-oficiales-del-2024","status":"publish","type":"post","link":"https:\/\/infogandia.es\/index.php\/2024\/02\/26\/las-falleras-mayores-de-gandia-tienen-ya-los-coches-oficiales-del-2024\/","title":{"rendered":"Las falleras mayores de Gandia tienen ya los coches oficiales del 2024"},"content":{"rendered":"\n<p>La plaza Mayor del Ayuntamiento de Gandia ha acogido esta ma\u00f1ana la presentaci\u00f3n de los coches oficiales de las Falleras Mayores de este a\u00f1o.<\/p>\n\n\n\n<p>Se trata de dos veh\u00edculos de la marca Omoda cedidos por Moll Motor, cuyo objetivo es facilitar y hacer m\u00e1s c\u00f3modos los desplazamientos de las representantes durante las fiestas. Ambos son el mismo modelo (Omoda 5 290 T), aunque en diferente color (blanco y gris).<\/p>\n\n\n\n<p>&#8220;Quiero agradecer a la Federaci\u00f3n de Fallas la apuesta por la iniciativa privada ya Moll Motor su esfuerzo continuado en el tiempo y el hecho de que siga siendo un referente introduciendo, como este a\u00f1o, marcas nuevas en la ciudad y siendo un ejemplo al &#8220;\u00e1mbito de la movilidad sostenible&#8221;, ha comentado el alcalde de Gand\u00eda, Jos\u00e9 Manuel Prieto, quien ha estado tambi\u00e9n acompa\u00f1ado en la presentaci\u00f3n por el concejal delegado de Fallas, Adri\u00e1n Vila. Adem\u00e1s, la primera autoridad ha a\u00f1adido que &#8220;las fallas son un componente cultural de primer orden, pero tambi\u00e9n un motor econ\u00f3mico. De hecho, la econom\u00eda que gira en torno a la fiesta tiene un peso espec\u00edfico muy importante que alg\u00fan d\u00eda podremos calcular . Se trata de un intangible cada vez m\u00e1s reconocido&#8221;.<\/p>\n\n\n\n<p>Por su parte, V\u00edctor Moll, gerente de Moll Motor, ha declarado que &#8220;llevamos 17 a\u00f1os trabajando con la Federaci\u00f3n de Fallas y cada a\u00f1o nos integramos m\u00e1s en la fiesta. Como valencianos, estamos muy orgullosos de poder colaborar&#8221; &#8220;En la empresa estamos muy contentos con Omoda porque comprenden nuestra implicaci\u00f3n en el territorio. Pondr\u00e1n en marcha muchos proyectos ecol\u00f3gicos e intentaremos que est\u00e9n presentes en esta zona&#8221;. Por \u00faltimo, agradeci\u00f3, tanto a la Federaci\u00f3n como al Ayuntamiento, el hecho de que, a\u00f1o tras a\u00f1o, permitan que su organizaci\u00f3n desarrolle iniciativas como las Fallas Escolares.<\/p>\n\n\n\n<p>El presidente de la Federaci\u00f3n de Fallas, Telmo Gadea, ha destacado su gratitud hacia la entidad: &#8220;S\u00f3lo puedo agradecer a Moll Motors su af\u00e1n por querer hacer las Fallas m\u00e1s grandes. Esta empresa es parte de nuestra familia y del nuestro tejido porque los propietarios son falleros, por lo que entienden perfectamente nuestras necesidades&#8221;.<\/p>\n\n\n\n<p>Por \u00faltimo, la Fallera Mayor, Marta Lozano, acompa\u00f1ada por Daniela Serralta, ha agradecido la amabilidad de la empresa y ha afirmado que &#8220;al subir, hemos visto que es un coche muy grande, que ser\u00e1 el que m\u00e1s disfrutaremos cuando nos vestimos de falleras. Tenemos muchas ganas de que llegan las fiestas y sabemos que iremos muy c\u00f3modas, que al final es lo m\u00e1s&nbsp;importante&#8221;.<\/p>\n\n\n\n<figure class=\"wp-block-image size-large\"><img fetchpriority=\"high\" decoding=\"async\" width=\"1024\" height=\"576\" src=\"http:\/\/infogandia.es\/wp-content\/uploads\/2024\/02\/Imagen-de-WhatsApp-2024-02-26-a-las-13.26.22_d3ca2b78-1024x576.jpg\" alt=\"\" class=\"wp-image-3011\" srcset=\"https:\/\/infogandia.es\/wp-content\/uploads\/2024\/02\/Imagen-de-WhatsApp-2024-02-26-a-las-13.26.22_d3ca2b78-1024x576.jpg 1024w, https:\/\/infogandia.es\/wp-content\/uploads\/2024\/02\/Imagen-de-WhatsApp-2024-02-26-a-las-13.26.22_d3ca2b78-300x169.jpg 300w, https:\/\/infogandia.es\/wp-content\/uploads\/2024\/02\/Imagen-de-WhatsApp-2024-02-26-a-las-13.26.22_d3ca2b78-768x432.jpg 768w, https:\/\/infogandia.es\/wp-content\/uploads\/2024\/02\/Imagen-de-WhatsApp-2024-02-26-a-las-13.26.22_d3ca2b78.jpg 1280w\" sizes=\"(max-width: 1024px) 100vw, 1024px\" \/><\/figure>\n","protected":false},"excerpt":{"rendered":"<p>Las falleras mayores de Gandia tienen ya los coches oficiales del 2024<\/p>\n","protected":false},"author":1,"featured_media":3008,"comment_status":"open","ping_status":"open","sticky":false,"template":"","format":"standard","meta":{"footnotes":""},"categories":[1,27],"tags":[],"class_list":["post-3021","post","type-post","status-publish","format-standard","has-post-thumbnail","hentry","category-actualidad","category-sociedad"],"_links":{"self":[{"href":"https:\/\/infogandia.es\/index.php\/wp-json\/wp\/v2\/posts\/3021","targetHints":{"allow":["GET"]}}],"collection":[{"href":"https:\/\/infogandia.es\/index.php\/wp-json\/wp\/v2\/posts"}],"about":[{"href":"https:\/\/infogandia.es\/index.php\/wp-json\/wp\/v2\/types\/post"}],"author":[{"embeddable":true,"href":"https:\/\/infogandia.es\/index.php\/wp-json\/wp\/v2\/users\/1"}],"replies":[{"embeddable":true,"href":"https:\/\/infogandia.es\/index.php\/wp-json\/wp\/v2\/comments?post=3021"}],"version-history":[{"count":2,"href":"https:\/\/infogandia.es\/index.php\/wp-json\/wp\/v2\/posts\/3021\/revisions"}],"predecessor-version":[{"id":3023,"href":"https:\/\/infogandia.es\/index.php\/wp-json\/wp\/v2\/posts\/3021\/revisions\/3023"}],"wp:featuredmedia":[{"embeddable":true,"href":"https:\/\/infogandia.es\/index.php\/wp-json\/wp\/v2\/media\/3008"}],"wp:attachment":[{"href":"https:\/\/infogandia.es\/index.php\/wp-json\/wp\/v2\/media?parent=3021"}],"wp:term":[{"taxonomy":"category","embeddable":true,"href":"https:\/\/infogandia.es\/index.php\/wp-json\/wp\/v2\/categories?post=3021"},{"taxonomy":"post_tag","embeddable":true,"href":"https:\/\/infogandia.es\/index.php\/wp-json\/wp\/v2\/tags?post=3021"}],"curies":[{"name":"wp","href":"https:\/\/api.w.org\/{rel}","templated":true}]}}