{"id":3063,"date":"2024-02-27T15:47:04","date_gmt":"2024-02-27T15:47:04","guid":{"rendered":"https:\/\/infogandia.es\/?p=3063"},"modified":"2024-02-27T15:47:05","modified_gmt":"2024-02-27T15:47:05","slug":"la-i-jornada-de-gobierno-de-gandia-establece-la-hoja-de-ruta-de-un-nuevo-curso-politico-marcado-por-grandes-pactos-de-ciudad","status":"publish","type":"post","link":"https:\/\/infogandia.es\/index.php\/2024\/02\/27\/la-i-jornada-de-gobierno-de-gandia-establece-la-hoja-de-ruta-de-un-nuevo-curso-politico-marcado-por-grandes-pactos-de-ciudad\/","title":{"rendered":"La I Jornada de Gobierno de Gandia establece la hoja de ruta de un nuevo curso pol\u00edtico marcado por grandes Pactos de Ciudad"},"content":{"rendered":"\n<p>La I Jornada de Gobierno de Gandia establece la hoja de ruta de un nuevo curso pol\u00edtico marcado por grandes Pactos de Ciudad<\/p>\n\n\n\n<p>El CDT Alqueria del Duc ha acogido esta ma\u00f1ana la I Jornada de Trabajo de la actual legislatura, en la que han participado el alcalde de Gandia, Jos\u00e9 Manuel Prieto; la primera teniente de alcalde, Alicia Izquierdo, as\u00ed como todos los concejales\/as, directores generales y asesores que forman parte del gobierno municipal de Gandia (PSPV-Comprom\u00eds M\u00e9s Gandia). Durante la jornada, se abordaron las l\u00edneas de actuaci\u00f3n principales, adem\u00e1s de definir las actuaciones a largo plazo con el objetivo de cumplir con los compromisos establecidos con la ciudadan\u00eda tras las pasadas elecciones locales.<\/p>\n\n\n\n<p>La primera autoridad municipal ha anunciado que solicitar\u00e1 acuerdos a las dem\u00e1s fuerzas pol\u00edticas &#8220;que sirvan para seguir avanzando en la creaci\u00f3n de oportunidades&#8221;. Adem\u00e1s, se constituir\u00e1 el Consejo Econ\u00f3mico y Social, desde el que acordaremos Pactos de Ciudad sobre aspectos importantes como la vivienda. &#8220;Un acuerdo con medidas inmediatas y estructurales al que tambi\u00e9n sumaremos el plan Alcem Persianes, que requerir\u00e1 otro gran Pacto de Ciudad sobre el comercio&#8221;, declar\u00f3 Prieto.<\/p>\n\n\n\n<p>Este encuentro tiene como objetivos la coordinaci\u00f3n, planificaci\u00f3n y fijaci\u00f3n de la estrategia del gobierno municipal. El alcalde ha explicado que esta jornada sirve para &#8220;cohesionarnos como gobierno y ser m\u00e1s eficaces, al tiempo que planificamos y marcamos las prioridades una vez hemos aprobado los presupuestos. En definitiva, esta legislatura ser\u00e1 la de las inversiones y las oportunidades y lo ser\u00e1 sobre las bases de grandes Pactos de Ciudad que cuentan con el apoyo de todos&#8221;, ha finalizado el alcalde.<\/p>\n\n\n\n<p>Por otra parte, Alicia Izquierdo ha incidido en que el gobierno local entiende la ciudad en su conjunto. En este sentido, ha reivindicado que la transversalidad entre los departamentos es &#8220;muy importante&#8221;. &#8220;Tambi\u00e9n conocer cu\u00e1les son las prioridades y las urgencias y las cuestiones estrat\u00e9gicas para trabajarlas conjuntamente&#8221;.<\/p>\n\n\n\n<p>&#8220;Es evidente que los retos que la Agenda 2030 pone sobre la mesa de las ciudades europeas son los que nosotros afrontaremos; en materia econ\u00f3mica, de inclusi\u00f3n social, medioambiental, de igualdad\u2026 Es un poco la marca de todo aquello que continuaremos implantando para un desarrollo sostenible en una situaci\u00f3n de emergencia clim\u00e1tica&#8221;, ha afirmado la concejala, quien ha concluido afirmando que la jornada &#8220;tambi\u00e9n es una jornada de hermandad, porque da pie a poder intercambiar, hablar de nuevos temas, de estrategias para&nbsp;esa&nbsp;ciudad.<\/p>\n","protected":false},"excerpt":{"rendered":"<p>La I Jornada de Gobierno de Gandia establece la hoja de ruta de un nuevo curso pol\u00edtico marcado por grandes Pactos de Ciudad<\/p>\n","protected":false},"author":1,"featured_media":3064,"comment_status":"open","ping_status":"open","sticky":false,"template":"","format":"standard","meta":{"footnotes":""},"categories":[1,3],"tags":[],"class_list":["post-3063","post","type-post","status-publish","format-standard","has-post-thumbnail","hentry","category-actualidad","category-politica"],"_links":{"self":[{"href":"https:\/\/infogandia.es\/index.php\/wp-json\/wp\/v2\/posts\/3063","targetHints":{"allow":["GET"]}}],"collection":[{"href":"https:\/\/infogandia.es\/index.php\/wp-json\/wp\/v2\/posts"}],"about":[{"href":"https:\/\/infogandia.es\/index.php\/wp-json\/wp\/v2\/types\/post"}],"author":[{"embeddable":true,"href":"https:\/\/infogandia.es\/index.php\/wp-json\/wp\/v2\/users\/1"}],"replies":[{"embeddable":true,"href":"https:\/\/infogandia.es\/index.php\/wp-json\/wp\/v2\/comments?post=3063"}],"version-history":[{"count":1,"href":"https:\/\/infogandia.es\/index.php\/wp-json\/wp\/v2\/posts\/3063\/revisions"}],"predecessor-version":[{"id":3065,"href":"https:\/\/infogandia.es\/index.php\/wp-json\/wp\/v2\/posts\/3063\/revisions\/3065"}],"wp:featuredmedia":[{"embeddable":true,"href":"https:\/\/infogandia.es\/index.php\/wp-json\/wp\/v2\/media\/3064"}],"wp:attachment":[{"href":"https:\/\/infogandia.es\/index.php\/wp-json\/wp\/v2\/media?parent=3063"}],"wp:term":[{"taxonomy":"category","embeddable":true,"href":"https:\/\/infogandia.es\/index.php\/wp-json\/wp\/v2\/categories?post=3063"},{"taxonomy":"post_tag","embeddable":true,"href":"https:\/\/infogandia.es\/index.php\/wp-json\/wp\/v2\/tags?post=3063"}],"curies":[{"name":"wp","href":"https:\/\/api.w.org\/{rel}","templated":true}]}}