{"id":3067,"date":"2024-02-28T09:52:28","date_gmt":"2024-02-28T09:52:28","guid":{"rendered":"https:\/\/infogandia.es\/?p=3067"},"modified":"2024-02-28T09:52:29","modified_gmt":"2024-02-28T09:52:29","slug":"las-actividades-del-3-de-march-comienzan-este-viernes","status":"publish","type":"post","link":"https:\/\/infogandia.es\/index.php\/2024\/02\/28\/las-actividades-del-3-de-march-comienzan-este-viernes\/","title":{"rendered":"Las actividades del 3 de March comienzan este viernes"},"content":{"rendered":"\n<p>Llega a la Safor la quinta edici\u00f3n del 3 de March, con un programa de eventos literarios para el fin de semana del 1 al 3 de marzo.<\/p>\n\n\n\n<p>Como es tradici\u00f3n cada a\u00f1o, el Ayuntamiento de Gandia y Safor\u00edssims Sociedad Literaria han organizado una semana dedicada a la poes\u00eda en honor a la fecha de la muerte del gran poeta Ausias March, ocurrida el 3 de marzo de 1459. Como novedad, este a\u00f1o se suma al 3 de March el Ayuntamiento de Beniarj\u00f3, el se\u00f1or\u00edo del escritor de la Safor. <\/p>\n\n\n\n<p>El programa completo est\u00e1 disponible en el sitio web de Safor\u00edssims: <a href=\"https:\/\/saforissims.org\/3demarch\/\">https:\/\/saforissims.org\/3demarch\/<\/a>, as\u00ed como en los sitios web de la IMAB y el Ayuntamiento de Gandia.<\/p>\n\n\n\n<p>&#8220;Ausi\u00e0s March es uno de los grandes gandienses de la historia y nos define como la ciudad literaria que somos. El 3 de March es una oportunidad para resaltar su legado y en este sentido, tenemos que agradecer el trabajo de Safor\u00edssims&#8221;, expres\u00f3 la concejala delegada de Cultura, Balbina Sendra, quien invit\u00f3 a toda la ciudadan\u00eda a participar en las actividades programadas. &#8220;Una vez m\u00e1s, Gandia volver\u00e1 a demostrar que est\u00e1 orgullosa de su legado y que mira al futuro reivindic\u00e1ndose como la capital cultural que es&#8221;.<\/p>\n\n\n\n<p>Las actividades dar\u00e1n comienzo el viernes 1 de marzo, con una conversaci\u00f3n sobre traducci\u00f3n literaria en el Palacio Ducal de Borja: &#8220;Las traducciones de Ausi\u00e0s March&#8221;, un evento dedicado a la memoria de Costanzo Di Girolamo, traductor al italiano de la poes\u00eda completa de Ausi\u00e0s March, a cargo de la acad\u00e9mica y traductora Donatella Siviero, junto al traductor de la obra de March al castellano, Jos\u00e9 Mar\u00eda Mic\u00f3. El evento comenzar\u00e1 a las 19 horas.<\/p>\n\n\n\n<p>Continuando el s\u00e1bado 2 de marzo a las 12 horas, tendr\u00e1 lugar la Presentaci\u00f3n del poemario &#8220;Los enyoooors&#8221; de Jun Komura, ganador del Certamen Arte Joven de poes\u00eda Salvador Iborra 2023, con la presencia de Sebasti\u00e0 Portell, presidente del AELC, Teresa Pascual, vicepresidenta de la AELC-PV, y el autor, Jun Komura. La presentaci\u00f3n ser\u00e1 seguida de un Vermut-recital con la participaci\u00f3n de los j\u00f3venes poetas finalistas del mismo certamen Arte Joven de poes\u00eda Salvador Iborra, organizado por el AELC. Estos j\u00f3venes poetas, como es costumbre, son recibidos y acogidos por la ciudad de Gandia para participar y vivir la celebraci\u00f3n del 3 de March. Por esta raz\u00f3n, tendremos la oportunidad de escuchar sus creaciones en este recital tipo \u201cvermut literario\u201d, en el patio de la biblioteca Central de Gandia. Entre los poetas participantes se encuentran \u00c0nnia L\u00f3pez Cueto, Andrea Monteneri, Laura Taltavull, V\u00edctor Benavides, Andreu Blai, Joan Rotger, Carme Alegre, Ismael Sempere, Sergi Olivet, Oriol Pascual, y el ganador, Jun Komura.<\/p>\n\n\n\n<p>Por la tarde, a las 16:30 horas, nos encontraremos en Beniarj\u00f3 para realizar un Paseo por el se\u00f1or\u00edo de Ausi\u00e0s March. Este a\u00f1o, es una noticia de gran relevancia que el Ayuntamiento de Beniarj\u00f3 se una a la programaci\u00f3n safor\u00edssima con esta actividad did\u00e1ctica al aire libre, donde tendremos la oportunidad tambi\u00e9n de escuchar versos al vuelo en la calle del se\u00f1or de Beniarj\u00f3. Todo el mundo est\u00e1 invitado a disfrutar de este paseo por el antiguo se\u00f1or\u00edo del escritor con una visita guiada, acompa\u00f1ada de versos, por los lugares culturales m\u00e1s relevantes del antiguo feudo del poeta valenciano. No ser\u00e1 necesario realizar reserva previa. El punto de inicio ser\u00e1 la Plaza Ausi\u00e0s March de Beniarj\u00f3, a las 16:30 horas.<\/p>\n\n\n\n<p>Y por la noche, el acto central de la fiesta: el Recital nocturno del 3 de March. Este a\u00f1o, proponemos un gran espect\u00e1culo en memoria del m\u00e1s grande poeta de nuestra lengua. Con tres poetas de prestigio en el pleno centro de la Calle Mayor de Gandia, se crear\u00e1 una atm\u00f3sfera po\u00e9tica inolvidable. Estos tres poetas han sido ganadores de los premios Ausi\u00e0s March de Poes\u00eda de la Safor. En un escenario rodeado de cirios que nos rememoran la noche de la muerte del poeta, versos y espacio dialogar\u00e1n para crear un espect\u00e1culo \u00fanico e irrepetible. Contaremos con la presencia de Jaume Coll Marin\u00e9, Premio Ausi\u00e0s March de Gandia 2018; Isabel Garcia Canet, Premio Se\u00f1or\u00edo de Ausi\u00e0s March de Beniarj\u00f3 2006; y Anna Vado, Premio Se\u00f1or\u00edo de Ausi\u00e0s March de Beniarj\u00f3 2016. El acto se llevar\u00e1 a cabo en la Calle Mayor, 38, frente a la Cafeter\u00eda Moreno, a las 23 horas.<\/p>\n\n\n\n<p>Como cierre y en conmemoraci\u00f3n del d\u00eda de la muerte del poeta, el domingo 3 de marzo realizaremos el Camino de Cotalba, una ruta literaria de Marxuquera a Santo Jeroni de Cotalba. La salida ser\u00e1 a las 11 horas desde la Ermita de Marxuquera, con una hora prevista de llegada a las 12:30 horas aproximadamente al Monasterio de Santo Jeroni de Cotalba, donde se conserva la cripta de la familia de los March. Habr\u00e1 una visita guiada ofrecida por Abel Balbastre de la cripta y algunas partes del Monasterio. Tras la visita, se realizar\u00e1 una comida de cabasset en el Pabell\u00f3n Municipal de R\u00f3tova. Ser\u00e1 imprescindible confirmar la asistencia por correo electr\u00f3nico (nombre y DNI), a <a>saforissims@gmail.com<\/a>. La fecha l\u00edmite de inscripci\u00f3n es el 29 de febrero. Se recomienda llevar agua, comida y calzado adecuado.<\/p>\n","protected":false},"excerpt":{"rendered":"<p>Las actividades del 3 de March comienzan este viernes<\/p>\n","protected":false},"author":1,"featured_media":3068,"comment_status":"open","ping_status":"open","sticky":false,"template":"","format":"standard","meta":{"footnotes":""},"categories":[1,27,57],"tags":[],"class_list":["post-3067","post","type-post","status-publish","format-standard","has-post-thumbnail","hentry","category-actualidad","category-sociedad","category-turismo"],"_links":{"self":[{"href":"https:\/\/infogandia.es\/index.php\/wp-json\/wp\/v2\/posts\/3067","targetHints":{"allow":["GET"]}}],"collection":[{"href":"https:\/\/infogandia.es\/index.php\/wp-json\/wp\/v2\/posts"}],"about":[{"href":"https:\/\/infogandia.es\/index.php\/wp-json\/wp\/v2\/types\/post"}],"author":[{"embeddable":true,"href":"https:\/\/infogandia.es\/index.php\/wp-json\/wp\/v2\/users\/1"}],"replies":[{"embeddable":true,"href":"https:\/\/infogandia.es\/index.php\/wp-json\/wp\/v2\/comments?post=3067"}],"version-history":[{"count":1,"href":"https:\/\/infogandia.es\/index.php\/wp-json\/wp\/v2\/posts\/3067\/revisions"}],"predecessor-version":[{"id":3069,"href":"https:\/\/infogandia.es\/index.php\/wp-json\/wp\/v2\/posts\/3067\/revisions\/3069"}],"wp:featuredmedia":[{"embeddable":true,"href":"https:\/\/infogandia.es\/index.php\/wp-json\/wp\/v2\/media\/3068"}],"wp:attachment":[{"href":"https:\/\/infogandia.es\/index.php\/wp-json\/wp\/v2\/media?parent=3067"}],"wp:term":[{"taxonomy":"category","embeddable":true,"href":"https:\/\/infogandia.es\/index.php\/wp-json\/wp\/v2\/categories?post=3067"},{"taxonomy":"post_tag","embeddable":true,"href":"https:\/\/infogandia.es\/index.php\/wp-json\/wp\/v2\/tags?post=3067"}],"curies":[{"name":"wp","href":"https:\/\/api.w.org\/{rel}","templated":true}]}}