{"id":3070,"date":"2024-02-28T10:08:16","date_gmt":"2024-02-28T10:08:16","guid":{"rendered":"https:\/\/infogandia.es\/?p=3070"},"modified":"2024-02-28T10:08:16","modified_gmt":"2024-02-28T10:08:16","slug":"por-nuestro-futuro-queremos-el-tren","status":"publish","type":"post","link":"https:\/\/infogandia.es\/index.php\/2024\/02\/28\/por-nuestro-futuro-queremos-el-tren\/","title":{"rendered":"&#8220;Por Nuestro Futuro, Queremos el Tren!&#8221;"},"content":{"rendered":"\n<p>El Ayuntamiento de Oliva se complace en invitar a todos los ciudadanos y ciudadanas a sumarse a la gran manifestaci\u00f3n que tendr\u00e1 lugar el pr\u00f3ximo viernes, 1 de marzo, a las 19:30 horas, en el emblem\u00e1tico Parque de la Estaci\u00f3n. Este evento significativo busca hacer un llamado un\u00e1nime y en\u00e9rgico para reclamar la conexi\u00f3n ferroviaria Gandia-D\u00e9nia, una necesidad vital para nuestra comunidad.<\/p>\n\n\n\n<p>Antes del inicio de la manifestaci\u00f3n, a las 19:00 horas, se llevar\u00e1 a cabo la inauguraci\u00f3n de una exposici\u00f3n hist\u00f3rica y reivindicativa en el Paseo de Llu\u00eds Vives, justo frente al Mercado Municipal. Esta exposici\u00f3n tiene como objetivo recordar la importancia hist\u00f3rica y cultural del tren Carcaixent-Gandia-Oliva-D\u00e9nia, destacando su papel en el desarrollo y la conectividad de nuestra regi\u00f3n.<\/p>\n\n\n\n<p>La iniciativa es organizada por las concejal\u00edas de Archivos y Participaci\u00f3n Ciudadana del Ayuntamiento de Oliva, quienes han trabajado arduamente para crear un evento significativo que refleje el sentir de toda la comunidad.<\/p>\n\n\n\n<p>Bajo el lema &#8220;Por Nuestro Futuro, Queremos el Tren!&#8221;, esta manifestaci\u00f3n es una oportunidad para que los ciudadanos y ciudadanas se unan en un clamor com\u00fan por el progreso y la mejora de nuestras conexiones de transporte. Es un momento para levantar nuestras voces y mostrar unidad en la demanda de un servicio ferroviario eficiente y accesible para todos.<\/p>\n\n\n\n<p>Durante la manifestaci\u00f3n, se contar\u00e1 con la presencia de autoridades locales y representantes de la sociedad civil, quienes dirigir\u00e1n discursos motivadores y reafirmar\u00e1n la importancia de esta causa para el desarrollo sostenible de nuestra regi\u00f3n. Asimismo, se espera una participaci\u00f3n activa de todos los asistentes, quienes tendr\u00e1n la oportunidad de expresar sus opiniones y compartir sus experiencias sobre la necesidad de esta conexi\u00f3n ferroviaria.<\/p>\n\n\n\n<p>Se anima a todos los participantes a llevar pancartas, banderas y s\u00edmbolos que representen su apoyo a esta causa. La manifestaci\u00f3n promete ser un evento lleno de energ\u00eda positiva y determinaci\u00f3n, donde la comunidad de Oliva se unir\u00e1 en un solo coraz\u00f3n por un futuro con mejores opciones de transporte y mayores oportunidades de desarrollo.<\/p>\n\n\n\n<p>La cita es este viernes, 1 de marzo, a las 19:30 horas, en el Parque de la Estaci\u00f3n. \u00a1\u00danete a nosotros y hagamos escuchar nuestra voz por el tren Gandia-D\u00e9nia!<\/p>\n","protected":false},"excerpt":{"rendered":"<p>&#8220;Por Nuestro Futuro, Queremos el Tren!&#8221;<\/p>\n","protected":false},"author":1,"featured_media":3071,"comment_status":"open","ping_status":"open","sticky":false,"template":"","format":"standard","meta":{"footnotes":""},"categories":[1,5,27],"tags":[],"class_list":["post-3070","post","type-post","status-publish","format-standard","has-post-thumbnail","hentry","category-actualidad","category-educacion","category-sociedad"],"_links":{"self":[{"href":"https:\/\/infogandia.es\/index.php\/wp-json\/wp\/v2\/posts\/3070","targetHints":{"allow":["GET"]}}],"collection":[{"href":"https:\/\/infogandia.es\/index.php\/wp-json\/wp\/v2\/posts"}],"about":[{"href":"https:\/\/infogandia.es\/index.php\/wp-json\/wp\/v2\/types\/post"}],"author":[{"embeddable":true,"href":"https:\/\/infogandia.es\/index.php\/wp-json\/wp\/v2\/users\/1"}],"replies":[{"embeddable":true,"href":"https:\/\/infogandia.es\/index.php\/wp-json\/wp\/v2\/comments?post=3070"}],"version-history":[{"count":1,"href":"https:\/\/infogandia.es\/index.php\/wp-json\/wp\/v2\/posts\/3070\/revisions"}],"predecessor-version":[{"id":3072,"href":"https:\/\/infogandia.es\/index.php\/wp-json\/wp\/v2\/posts\/3070\/revisions\/3072"}],"wp:featuredmedia":[{"embeddable":true,"href":"https:\/\/infogandia.es\/index.php\/wp-json\/wp\/v2\/media\/3071"}],"wp:attachment":[{"href":"https:\/\/infogandia.es\/index.php\/wp-json\/wp\/v2\/media?parent=3070"}],"wp:term":[{"taxonomy":"category","embeddable":true,"href":"https:\/\/infogandia.es\/index.php\/wp-json\/wp\/v2\/categories?post=3070"},{"taxonomy":"post_tag","embeddable":true,"href":"https:\/\/infogandia.es\/index.php\/wp-json\/wp\/v2\/tags?post=3070"}],"curies":[{"name":"wp","href":"https:\/\/api.w.org\/{rel}","templated":true}]}}