{"id":3083,"date":"2024-02-28T12:22:13","date_gmt":"2024-02-28T12:22:13","guid":{"rendered":"https:\/\/infogandia.es\/?p=3083"},"modified":"2024-02-28T12:22:13","modified_gmt":"2024-02-28T12:22:13","slug":"asi-son-las-protagonistas-del-homenaje-de-gandia-a-las-mujeres-2024","status":"publish","type":"post","link":"https:\/\/infogandia.es\/index.php\/2024\/02\/28\/asi-son-las-protagonistas-del-homenaje-de-gandia-a-las-mujeres-2024\/","title":{"rendered":"As\u00ed son las protagonistas del Homenaje de Gand\u00eda a las Mujeres 2024"},"content":{"rendered":"\n<p>Maria Jos\u00e9 Sim\u00f3 Mart\u00ed: es enfermera de profesi\u00f3n, voluntaria en C\u00e1ritas y en el Centro de Acogida San Francisco de As\u00eds, y est\u00e1 involucrada en el tejido asociativo de la ciudad (camarera de la Santa Cruz, miembro de su directiva y miembro de la directiva de la Junta Mayor de Hermandades). Actualmente es corresponsable en el programa &#8220;Buena compa\u00f1\u00eda&#8221;, destinado al acompa\u00f1amiento de mayores que viven en residencias, involucrando en esta labor a adolescentes de los centros educativos de la comarca.<\/p>\n\n\n\n<p>Amparo Brotons Olcina: primera presidenta de la Falla de Corea y segunda de las Fallas de Gandia, ostenta el Gesmil de Oro, fue pregonera de las Fallas, y es una apasionada del teatro. Adem\u00e1s, fue una de las primeras mujeres en formar parte de una lista electoral. Madre de familia, fue presidenta de la APA del Borja Jesu\u00eftes y miembro del 1r Consejo Escolar del Ayuntamiento de Gandia. Mujer emprendedora, abri\u00f3 la florister\u00eda Baladre y ya jubilada fue estudiante senior.<\/p>\n\n\n\n<p>Maria Garc\u00eda Alvarado (Maruja): de familia humilde, tuvo que trabajar desde peque\u00f1a, ya que, aunque era buena estudiante, la situaci\u00f3n no le permiti\u00f3 continuar. Como mujer emprendedora que era, mont\u00f3 una helader\u00eda (Geladeria Maruja) para sacar a la familia adelante. Aunque al principio no cont\u00f3 con mucho apoyo, en 1972 mont\u00f3 su primer local en Oliva y en 1981 abri\u00f3 otro en la playa de Gandia. A ra\u00edz del accidente de un hijo cre\u00f3 la Asociaci\u00f3n de Diversidad F\u00edsica en Gandia.<\/p>\n\n\n\n<p>Maruja, Amparo y Maria Jos\u00e9 son un ejemplo de lucha, trabajo, compromiso y esfuerzo.<\/p>\n\n\n\n<p>Por otro lado, tenemos a cuatro j\u00f3venes que van pisando fuerte en el mundo de la ciencia y de la medicina. El 64% de los 165.300 nuevos puestos de trabajo cient\u00edfico y t\u00e9cnico en 2023 fueron ocupados por mujeres, seg\u00fan la EPA (Encuesta de Poblaci\u00f3n Activa). A\u00fan queda mucho por hacer, pero la trayectoria de M\u00f3nika, Andrea, Laura y Aina nos indica que vamos por el buen camino.<\/p>\n\n\n\n<p>M\u00f3nika Stefanova Ivanova: gan\u00f3 el Premio Nacional del FP de Sanidad compitiendo con todas las comunidades aut\u00f3nomas con el mejor expediente acad\u00e9mico. Actualmente compagina los trabajos dentro del mundo sanitario con los estudios de Derecho.<\/p>\n\n\n\n<p>Andrea Medina Pi\u00f1a: graduada en Bioqu\u00edmica y n\u00famero 1 en el BIR, logr\u00f3 estar al frente de la lista de esta prueba.<\/p>\n\n\n\n<p>Laura Romero Ortol\u00e0: tuvo la mejor nota en las oposiciones de Enfermer\u00eda en la Comunitat Valenciana y es la n\u00famero 20 de Espa\u00f1a. Har\u00e1 la especialidad de matrona en Gand\u00eda.<\/p>\n\n\n\n<p>Aina Quilis Pellicer: fue Premio Nacional de Medicina mientras era m\u00e9dico residente de tercer a\u00f1o en el Hospital Pesset, donde representaba a la Comunidad&nbsp;Valenciana.<\/p>\n","protected":false},"excerpt":{"rendered":"<p>As\u00ed son las protagonistas del Homenaje de Gand\u00eda a las Mujeres 2024.<\/p>\n","protected":false},"author":1,"featured_media":3075,"comment_status":"open","ping_status":"open","sticky":false,"template":"","format":"standard","meta":{"footnotes":""},"categories":[1,27],"tags":[],"class_list":["post-3083","post","type-post","status-publish","format-standard","has-post-thumbnail","hentry","category-actualidad","category-sociedad"],"_links":{"self":[{"href":"https:\/\/infogandia.es\/index.php\/wp-json\/wp\/v2\/posts\/3083","targetHints":{"allow":["GET"]}}],"collection":[{"href":"https:\/\/infogandia.es\/index.php\/wp-json\/wp\/v2\/posts"}],"about":[{"href":"https:\/\/infogandia.es\/index.php\/wp-json\/wp\/v2\/types\/post"}],"author":[{"embeddable":true,"href":"https:\/\/infogandia.es\/index.php\/wp-json\/wp\/v2\/users\/1"}],"replies":[{"embeddable":true,"href":"https:\/\/infogandia.es\/index.php\/wp-json\/wp\/v2\/comments?post=3083"}],"version-history":[{"count":1,"href":"https:\/\/infogandia.es\/index.php\/wp-json\/wp\/v2\/posts\/3083\/revisions"}],"predecessor-version":[{"id":3084,"href":"https:\/\/infogandia.es\/index.php\/wp-json\/wp\/v2\/posts\/3083\/revisions\/3084"}],"wp:featuredmedia":[{"embeddable":true,"href":"https:\/\/infogandia.es\/index.php\/wp-json\/wp\/v2\/media\/3075"}],"wp:attachment":[{"href":"https:\/\/infogandia.es\/index.php\/wp-json\/wp\/v2\/media?parent=3083"}],"wp:term":[{"taxonomy":"category","embeddable":true,"href":"https:\/\/infogandia.es\/index.php\/wp-json\/wp\/v2\/categories?post=3083"},{"taxonomy":"post_tag","embeddable":true,"href":"https:\/\/infogandia.es\/index.php\/wp-json\/wp\/v2\/tags?post=3083"}],"curies":[{"name":"wp","href":"https:\/\/api.w.org\/{rel}","templated":true}]}}